{"id":59678,"date":"2026-09-04T20:54:06","date_gmt":"2026-09-04T23:54:06","guid":{"rendered":"https:\/\/infoactual.com.ar\/?p=59678"},"modified":"2026-09-04T20:54:07","modified_gmt":"2026-09-04T23:54:07","slug":"kelpers-le-respondieron-a-milei-no-estamos-preocupados-por-las-declaraciones-del-presidente-de-argentina","status":"publish","type":"post","link":"https:\/\/infoactual.com.ar\/index.php\/2026\/09\/04\/kelpers-le-respondieron-a-milei-no-estamos-preocupados-por-las-declaraciones-del-presidente-de-argentina\/","title":{"rendered":"Kelpers le respondieron a Milei: \u201cNo estamos preocupados por las declaraciones del presidente de Argentina\u00bb"},"content":{"rendered":"\n<p class=\"wp-block-paragraph\"><strong>Jack Ford, titular de la Asamblea Legislativa de las Islas Malvinas<\/strong>, desestim\u00f3 los dichos del presidente, Javier Milei, respecto a la soberan\u00eda de las Islas.&nbsp;<strong>\u00abNo estamos preocupados por las declaraciones del presidente de Argentina\u00bb<\/strong>, asegur\u00f3.<\/p>\n\n\n\n<p class=\"wp-block-paragraph\">\u00abJavier Milei dijo que las Islas Malvinas son &#8216;la causa m\u00e1s importante y sagrada que tiene la Argentina'\u00bb, le coment\u00f3 una periodista inglesa durante una entrevista y le pregunt\u00f3: \u00ab\u00bfCu\u00e1l es tu reacci\u00f3n, Jack?\u00bb<\/p>\n\n\n\n<p class=\"wp-block-paragraph\">\u00abMi reacci\u00f3n es la de la mayor\u00eda de las personas de las Islas y es que esto no es nada nuevo. Estas palabras vienen saliendo desde Argentina hace much\u00edsimos a\u00f1os y veremos que seguir\u00e1n saliendo\u00bb, comenz\u00f3 diciendo Ford<\/p>\n\n\n\n<p class=\"wp-block-paragraph\">Y luego dej\u00f3 en claro que<strong>&nbsp;\u00abel mensaje es siempre el mismo: no estamos preocupados por las declaraciones del presidente de Argentina\u00bb.<\/strong><\/p>\n\n\n\n<p class=\"wp-block-paragraph\">Los comunicadores tambi\u00e9n le consultaron sobre las<strong>&nbsp;sanciones para las empresas que operen en las islas<\/strong>&nbsp;y el entrevistado contest\u00f3: \u00abNuevamente lo mismo,&nbsp;<strong>estamos acostumbrados a las amenazas de Argentina.<\/strong>&nbsp;Estas amenazas para las empresas que operan en la industria del aceite no son nada nuevo\u00bb.<\/p>\n\n\n\n<p class=\"wp-block-paragraph\">Y destac\u00f3<strong>: \u00abSiempre hemos podido seguir operando y prosperando pese a esas amenazas. As\u00ed que seguiremos haciendo lo mismo\u00bb.<\/strong><\/p>\n\n\n\n<p class=\"wp-block-paragraph\">Ford tambi\u00e9n se refiri\u00f3 a las declaraciones del mandatario de EEUU, Donald&nbsp;<strong>Trump<\/strong>, quien dijo que podr\u00eda rever la postura neutral de Norteam\u00e9rica respecto al conflicto entre Argentina y Gran Breta\u00f1a. \u00abComo vimos hace unos meses con un correo del Pent\u00e1gono sobre la postura respecto de las Islas Malvinas, el Departamento de Estado confirm\u00f3 varias veces que l<strong>a posici\u00f3n de EEUU es la neutralidad\u00bb.<\/strong><\/p>\n\n\n\n<p class=\"wp-block-paragraph\">Para cerrar dej\u00f3 en claro: \u00abNuestra relaci\u00f3n m\u00e1s importante es con el gobierno de Gran Breta\u00f1a. El compromiso del Reino Unido con las Malvinas es inquebrantable, s<strong>omos brit\u00e1nicos y seguiremos si\u00e9ndolo mientras los isle\u00f1os de las Malvinas deseen ser brit\u00e1nicos\u00bb.<\/strong><\/p>\n\n\n\n<p class=\"wp-block-paragraph\"><strong>Agencia NA<\/strong><\/p>\n","protected":false},"excerpt":{"rendered":"<p>Jack Ford, titular de la Asamblea Legislativa de las Islas Malvinas, desestim\u00f3 los dichos del presidente, Javier Milei, respecto a la soberan\u00eda de las Islas.&nbsp;\u00abNo estamos preocupados por las declaraciones del presidente de Argentina\u00bb, asegur\u00f3. \u00abJavier Milei dijo que las Islas Malvinas son &#8216;la causa m\u00e1s importante y sagrada que tiene la Argentina&#8217;\u00bb, le coment\u00f3 [&hellip;]<\/p>\n","protected":false},"author":2,"featured_media":59679,"comment_status":"closed","ping_status":"closed","sticky":false,"template":"","format":"standard","meta":{"footnotes":""},"categories":[43],"tags":[],"class_list":["post-59678","post","type-post","status-publish","format-standard","has-post-thumbnail","hentry","category-politica"],"_links":{"self":[{"href":"https:\/\/infoactual.com.ar\/index.php\/wp-json\/wp\/v2\/posts\/59678","targetHints":{"allow":["GET"]}}],"collection":[{"href":"https:\/\/infoactual.com.ar\/index.php\/wp-json\/wp\/v2\/posts"}],"about":[{"href":"https:\/\/infoactual.com.ar\/index.php\/wp-json\/wp\/v2\/types\/post"}],"author":[{"embeddable":true,"href":"https:\/\/infoactual.com.ar\/index.php\/wp-json\/wp\/v2\/users\/2"}],"replies":[{"embeddable":true,"href":"https:\/\/infoactual.com.ar\/index.php\/wp-json\/wp\/v2\/comments?post=59678"}],"version-history":[{"count":1,"href":"https:\/\/infoactual.com.ar\/index.php\/wp-json\/wp\/v2\/posts\/59678\/revisions"}],"predecessor-version":[{"id":59680,"href":"https:\/\/infoactual.com.ar\/index.php\/wp-json\/wp\/v2\/posts\/59678\/revisions\/59680"}],"wp:featuredmedia":[{"embeddable":true,"href":"https:\/\/infoactual.com.ar\/index.php\/wp-json\/wp\/v2\/media\/59679"}],"wp:attachment":[{"href":"https:\/\/infoactual.com.ar\/index.php\/wp-json\/wp\/v2\/media?parent=59678"}],"wp:term":[{"taxonomy":"category","embeddable":true,"href":"https:\/\/infoactual.com.ar\/index.php\/wp-json\/wp\/v2\/categories?post=59678"},{"taxonomy":"post_tag","embeddable":true,"href":"https:\/\/infoactual.com.ar\/index.php\/wp-json\/wp\/v2\/tags?post=59678"}],"curies":[{"name":"wp","href":"https:\/\/api.w.org\/{rel}","templated":true}]}}