{"id":598,"date":"2021-04-01T14:45:55","date_gmt":"2021-04-01T14:45:55","guid":{"rendered":"http:\/\/infoactual.com.ar\/?p=598"},"modified":"2021-04-01T14:45:56","modified_gmt":"2021-04-01T14:45:56","slug":"el-gobierno-apoyo-un-proyecto-para-abordar-problematica-de-familias-en-situacion-de-calle","status":"publish","type":"post","link":"https:\/\/infoactual.com.ar\/index.php\/2021\/04\/01\/el-gobierno-apoyo-un-proyecto-para-abordar-problematica-de-familias-en-situacion-de-calle\/","title":{"rendered":"EL GOBIERNO APOY\u00d3 UN PROYECTO PARA ABORDAR PROBLEM\u00c1TICA DE FAMILIAS EN SITUACI\u00d3N DE CALLE"},"content":{"rendered":"\n<p><strong>El Gobierno apoy\u00f3 una iniciativa legislativa para abordar la problem\u00e1tica de las personas en situaci\u00f3n de calle.<\/strong><\/p>\n\n\n\n<p>&nbsp; &nbsp;Durante una reuni\u00f3n informativa realizada por un plenario de las comisiones de Derechos Humanos y Garant\u00edas y Acci\u00f3n Social y Salud Publica se abord\u00f3 el proyecto de ley destinado a las personas en situaci\u00f3n de calle y en riesgo de estarlo.<\/p>\n\n\n\n<p>&nbsp;&nbsp; En ese contexto, el ministro de Desarrollo Social, Daniel Arroyo, afirm\u00f3 que la iniciativa \u00abes muy importante, superadora\u00bb y se mostr\u00f3 confiado en que \u00abva a permitir generar una pol\u00edtica p\u00fablica integral sobre las familias en situaci\u00f3n de calle, que es lo m\u00e1s cr\u00edtico que se ha dado en los \u00faltimos a\u00f1os en la Argentina\u00bb.<\/p>\n\n\n\n<p>&nbsp;&nbsp; Por su parte, el autor del proyecto, el diputado nacional del Frente de Todos Federico Fagioli, explic\u00f3 los lineamientos del texto y consider\u00f3 que tiene como objetivo \u00abrestituir derechos de las personas en situaci\u00f3n de calle y familias sin techo\u00bb.<\/p>\n\n\n\n<p>&nbsp;&nbsp; El texto propone un abordaje integral, coordinado por el Ministerio de Desarrollo Social de la Naci\u00f3n, que contemple un registro de las personas en situaci\u00f3n de calle, la creaci\u00f3n de una red de centros de Integraci\u00f3n Social de 24 horas, el acceso a la documentaci\u00f3n, una l\u00ednea telef\u00f3nica y atenci\u00f3n m\u00f3vil, entre otros puntos.<\/p>\n","protected":false},"excerpt":{"rendered":"<p>El Gobierno apoy\u00f3 una iniciativa legislativa para abordar la problem\u00e1tica de las personas en situaci\u00f3n de calle. &nbsp; &nbsp;Durante una reuni\u00f3n informativa realizada por un plenario de las comisiones de Derechos Humanos y Garant\u00edas y Acci\u00f3n Social y Salud Publica se abord\u00f3 el proyecto de ley destinado a las personas en situaci\u00f3n de calle y [&hellip;]<\/p>\n","protected":false},"author":2,"featured_media":599,"comment_status":"open","ping_status":"open","sticky":false,"template":"","format":"standard","meta":{"footnotes":""},"categories":[43],"tags":[],"class_list":["post-598","post","type-post","status-publish","format-standard","has-post-thumbnail","hentry","category-politica"],"_links":{"self":[{"href":"https:\/\/infoactual.com.ar\/index.php\/wp-json\/wp\/v2\/posts\/598","targetHints":{"allow":["GET"]}}],"collection":[{"href":"https:\/\/infoactual.com.ar\/index.php\/wp-json\/wp\/v2\/posts"}],"about":[{"href":"https:\/\/infoactual.com.ar\/index.php\/wp-json\/wp\/v2\/types\/post"}],"author":[{"embeddable":true,"href":"https:\/\/infoactual.com.ar\/index.php\/wp-json\/wp\/v2\/users\/2"}],"replies":[{"embeddable":true,"href":"https:\/\/infoactual.com.ar\/index.php\/wp-json\/wp\/v2\/comments?post=598"}],"version-history":[{"count":1,"href":"https:\/\/infoactual.com.ar\/index.php\/wp-json\/wp\/v2\/posts\/598\/revisions"}],"predecessor-version":[{"id":600,"href":"https:\/\/infoactual.com.ar\/index.php\/wp-json\/wp\/v2\/posts\/598\/revisions\/600"}],"wp:featuredmedia":[{"embeddable":true,"href":"https:\/\/infoactual.com.ar\/index.php\/wp-json\/wp\/v2\/media\/599"}],"wp:attachment":[{"href":"https:\/\/infoactual.com.ar\/index.php\/wp-json\/wp\/v2\/media?parent=598"}],"wp:term":[{"taxonomy":"category","embeddable":true,"href":"https:\/\/infoactual.com.ar\/index.php\/wp-json\/wp\/v2\/categories?post=598"},{"taxonomy":"post_tag","embeddable":true,"href":"https:\/\/infoactual.com.ar\/index.php\/wp-json\/wp\/v2\/tags?post=598"}],"curies":[{"name":"wp","href":"https:\/\/api.w.org\/{rel}","templated":true}]}}