{"id":601,"date":"2021-04-01T14:49:46","date_gmt":"2021-04-01T14:49:46","guid":{"rendered":"http:\/\/infoactual.com.ar\/?p=601"},"modified":"2021-04-01T14:49:47","modified_gmt":"2021-04-01T14:49:47","slug":"vizzotti-reconocio-la-preocupacion-oficial-por-el-incremento-de-contagios-y-afirmo-que-el-ultimo-numero-impacto","status":"publish","type":"post","link":"https:\/\/infoactual.com.ar\/index.php\/2021\/04\/01\/vizzotti-reconocio-la-preocupacion-oficial-por-el-incremento-de-contagios-y-afirmo-que-el-ultimo-numero-impacto\/","title":{"rendered":"VIZZOTTI RECONOCI\u00d3 LA \u00abPREOCUPACI\u00d3N\u00bb OFICIAL POR EL INCREMENTO DE CONTAGIOS Y AFIRM\u00d3 QUE EL \u00daLTIMO N\u00daMERO \u00abIMPACT\u00d3\u00bb"},"content":{"rendered":"\n<p><strong>La ministra de Salud, Carla Vizzotti, reconoci\u00f3 que el Gobierno est\u00e1 \u00abpreocupado\u00bb por el incremento de los contagios de coronavirus y afirm\u00f3 que el \u00faltimo reporte \u00abimpact\u00f3\u00bb, aunque aclar\u00f3 que se est\u00e1 \u00ablejos de saturar el sistema de salud\u00bb.<\/strong><\/p>\n\n\n\n<p>&nbsp; &nbsp;\u00abLa verdad es que el n\u00famero impact\u00f3. El impacto est\u00e1 focalizado en AMBA (\u00c1rea Metropolitana de Buenos Aires) y tambi\u00e9n los grandes aglomerados urbanos, como Tucum\u00e1n, Santa Fe, C\u00f3rdoba y Mendoza\u00bb, sostuvo la funcionaria nacional.<\/p>\n\n\n\n<p>&nbsp;&nbsp; En di\u00e1logo con TN, la integrante del Gabinete se refiri\u00f3 a la posibilidad de nuevas restricciones y remarc\u00f3 que \u00abse ha visto que medidas localizadas, intensivas y transitorias en relaci\u00f3n a algunas actividades de alto riesgo son las que han tenido m\u00e1s impacto\u00bb.<\/p>\n\n\n\n<p>&nbsp;&nbsp; \u00abEl Gobierno nacional siempre dice lo que consens\u00faa con los gobernadores, los intendentes y los expertos\u00bb, se\u00f1al\u00f3 la titular de la cartera sanitaria.<\/p>\n\n\n\n<p>&nbsp;&nbsp; Y a\u00f1adi\u00f3: \u00abYo no hablar\u00eda de restricciones, sino de una nueva etapa en la que tenemos un a\u00f1o de experiencia y en la que sabemos que hay cosas que han demostrado tener<\/p>\n\n\n\n<p>impacto para detener la transmisi\u00f3n\u00bb.<\/p>\n\n\n\n<p>&nbsp;&nbsp; Al respecto, Vizzotti advirti\u00f3 que \u00abla circulaci\u00f3n de personas en un momento de m\u00e1s casos es m\u00e1s peligrosa: la atenci\u00f3n que tienen que tener las personas que se movilicen es m\u00e1s importante\u00bb.<\/p>\n\n\n\n<p>&nbsp;&nbsp; \u00abLas medidas que vayamos a tomar van a depender de c\u00f3mo vayan estos d\u00edas\u00bb, indic\u00f3.<\/p>\n\n\n\n<p>&nbsp;&nbsp; Al ser consultada sobre el potencial impacto que podr\u00edan tener las juntadas del domingo de Pascua y que ocasionen un nuevo pico, la ministra de Salud expres\u00f3: \u00abEs una posibilidad, claramente. Estamos transmiti\u00e9ndolo para minimizarlo\u00bb.<\/p>\n\n\n\n<p>&nbsp;&nbsp; En ese sentido, hizo hincapi\u00e9 en que \u00ablas actividades productivas, comerciales y la escuela no son fuente de contagios, sino todo lo social\u00bb.<\/p>\n\n\n\n<p>&nbsp;&nbsp; El pasado mi\u00e9rcoles durante el reporte de la situaci\u00f3n epidemiol\u00f3gica ante la pandemia de coronavirus se hab\u00edan notificado 16.056 nuevos contagios, la cifra m\u00e1s alta desde octubre.<\/p>\n\n\n\n<p>&nbsp;&nbsp; En lo que se refiere a la capacidad de atenci\u00f3n, Vizzotti se\u00f1al\u00f3 que se est\u00e1 \u00ablejos de saturar el sistema de salud\u00bb, aunque advirti\u00f3 que a este ritmo \u00abcualquier sistema se puede desbordar\u00bb.<\/p>\n","protected":false},"excerpt":{"rendered":"<p>La ministra de Salud, Carla Vizzotti, reconoci\u00f3 que el Gobierno est\u00e1 \u00abpreocupado\u00bb por el incremento de los contagios de coronavirus y afirm\u00f3 que el \u00faltimo reporte \u00abimpact\u00f3\u00bb, aunque aclar\u00f3 que se est\u00e1 \u00ablejos de saturar el sistema de salud\u00bb. &nbsp; &nbsp;\u00abLa verdad es que el n\u00famero impact\u00f3. El impacto est\u00e1 focalizado en AMBA (\u00c1rea Metropolitana [&hellip;]<\/p>\n","protected":false},"author":2,"featured_media":602,"comment_status":"open","ping_status":"open","sticky":false,"template":"","format":"standard","meta":{"footnotes":""},"categories":[43],"tags":[48],"class_list":["post-601","post","type-post","status-publish","format-standard","has-post-thumbnail","hentry","category-politica","tag-destacada"],"_links":{"self":[{"href":"https:\/\/infoactual.com.ar\/index.php\/wp-json\/wp\/v2\/posts\/601","targetHints":{"allow":["GET"]}}],"collection":[{"href":"https:\/\/infoactual.com.ar\/index.php\/wp-json\/wp\/v2\/posts"}],"about":[{"href":"https:\/\/infoactual.com.ar\/index.php\/wp-json\/wp\/v2\/types\/post"}],"author":[{"embeddable":true,"href":"https:\/\/infoactual.com.ar\/index.php\/wp-json\/wp\/v2\/users\/2"}],"replies":[{"embeddable":true,"href":"https:\/\/infoactual.com.ar\/index.php\/wp-json\/wp\/v2\/comments?post=601"}],"version-history":[{"count":1,"href":"https:\/\/infoactual.com.ar\/index.php\/wp-json\/wp\/v2\/posts\/601\/revisions"}],"predecessor-version":[{"id":603,"href":"https:\/\/infoactual.com.ar\/index.php\/wp-json\/wp\/v2\/posts\/601\/revisions\/603"}],"wp:featuredmedia":[{"embeddable":true,"href":"https:\/\/infoactual.com.ar\/index.php\/wp-json\/wp\/v2\/media\/602"}],"wp:attachment":[{"href":"https:\/\/infoactual.com.ar\/index.php\/wp-json\/wp\/v2\/media?parent=601"}],"wp:term":[{"taxonomy":"category","embeddable":true,"href":"https:\/\/infoactual.com.ar\/index.php\/wp-json\/wp\/v2\/categories?post=601"},{"taxonomy":"post_tag","embeddable":true,"href":"https:\/\/infoactual.com.ar\/index.php\/wp-json\/wp\/v2\/tags?post=601"}],"curies":[{"name":"wp","href":"https:\/\/api.w.org\/{rel}","templated":true}]}}