{"id":604,"date":"2021-04-01T14:52:42","date_gmt":"2021-04-01T14:52:42","guid":{"rendered":"http:\/\/infoactual.com.ar\/?p=604"},"modified":"2021-04-01T14:52:43","modified_gmt":"2021-04-01T14:52:43","slug":"campuzano-choco-cuando-se-dirigia-al-entrenamiento-de-boca","status":"publish","type":"post","link":"https:\/\/infoactual.com.ar\/index.php\/2021\/04\/01\/campuzano-choco-cuando-se-dirigia-al-entrenamiento-de-boca\/","title":{"rendered":"CAMPUZANO CHOC\u00d3 CUANDO SE DIRIG\u00cdA AL ENTRENAMIENTO DE BOCA"},"content":{"rendered":"\n<p><strong>El futbolista de Boca Jorman Campuzano protagoniz\u00f3 hoy un accidente al chocar la camioneta que conduc\u00eda contra un veh\u00edculo en el barrio porte\u00f1o de Recoleta cuando se dirig\u00eda al entrenamiento.<\/strong><\/p>\n\n\n\n<p>&nbsp; &nbsp;El episodio se registr\u00f3 alrededor de las 7:15 de este jueves en el cruce de las avenidas Del Libertador y Callao, en el mencionado barrio porte\u00f1o cuando el colombiano iba camino al entrenamiento del club de la Ribera en Ezeiza.<\/p>\n\n\n\n<p>&nbsp;&nbsp; Seg\u00fan se inform\u00f3, el jugador cafetero no sufri\u00f3 lesiones de gravedad y, a ra\u00edz de esta situaci\u00f3n, no se hizo presente en la pr\u00e1ctica de Boca.<\/p>\n\n\n\n<p>&nbsp;&nbsp; Adem\u00e1s, se indic\u00f3 que en el otro veh\u00edculo iba un hombre que, tras producirse el accidente, debi\u00f3 ser asistido por los bomberos para salir del rodado y fue trasladado al Hospital Fern\u00e1ndez con politraumatismos.<\/p>\n\n\n\n<p>&nbsp;&nbsp; En tanto, el parte policial se\u00f1al\u00f3: \u00abSe produjo la colisi\u00f3n&nbsp;entre dos veh\u00edculos particulares. El primero marca Toyota modelo Ram4, cuyo conductor y \u00fanico ocupante sali\u00f3 por sus propios&nbsp;medios y el segundo un veh\u00edculo particular marca Volkswagen modelo Suran con \u00fanico ocupante, un masculino mayor de edad&nbsp;siendo el mismo personal policial\u00bb.<\/p>\n\n\n\n<p>&nbsp;&nbsp; \u00ab\u00c9ste se encontraba en el interior del veh\u00edculo&nbsp;imposibilitado de salir por sus medios\u00bb, indic\u00f3 el informe, por lo cual se procedi\u00f3 \u00aba colaborar para extraer a la victima\u00bb. Una vez que se lo retir\u00f3 del rodado se lo coloc\u00f3 \u00aben una&nbsp;ambulancia\u00bb y se le \u00abdiagnostica politraumatismo siendo trasladado al Hospital Fern\u00e1ndez\u00bb.<\/p>\n\n\n\n<p>&nbsp;&nbsp; \u00abAsimismo el ocupante del primer veh\u00edculo mencionado se niega a ser asistido\u00bb, se\u00f1al\u00f3 el mencionado parte.<\/p>\n\n\n\n<p>&nbsp;&nbsp; El mediocampista estaba en duda para ser de la partida en el encuentro en el que Boca recibir\u00e1 a Defensa y Justicia el pr\u00f3ximo s\u00e1bado a las 18:30.<\/p>\n\n\n\n<p>&nbsp;&nbsp; Si bien el entrenador Miguel \u00c1ngel Russo no lo dio a conocer, colocar\u00eda en el once titular a Alan Varela en reemplazo de Campuzano, quien no viene teniendo un buen nivel en lo que va del campeonato.<\/p>\n\n\n\n<p>&nbsp;&nbsp; El probable equipo para jugar ante Defensa y Justicia ser\u00eda: Esteban Andrada; Carlos Zambrano, Carlos Izquierdoz, Marcos Rojo; Nicol\u00e1s Capaldo, Jorman Campuzano o Alan Varela, Cristian Medina o Agust\u00edn Almendra; Mauro Z\u00e1rate, Carlos Tevez y Sebasti\u00e1n Villa.<\/p>\n","protected":false},"excerpt":{"rendered":"<p>El futbolista de Boca Jorman Campuzano protagoniz\u00f3 hoy un accidente al chocar la camioneta que conduc\u00eda contra un veh\u00edculo en el barrio porte\u00f1o de Recoleta cuando se dirig\u00eda al entrenamiento. &nbsp; &nbsp;El episodio se registr\u00f3 alrededor de las 7:15 de este jueves en el cruce de las avenidas Del Libertador y Callao, en el mencionado [&hellip;]<\/p>\n","protected":false},"author":2,"featured_media":605,"comment_status":"open","ping_status":"open","sticky":false,"template":"","format":"standard","meta":{"footnotes":""},"categories":[50],"tags":[],"class_list":["post-604","post","type-post","status-publish","format-standard","has-post-thumbnail","hentry","category-deportes"],"_links":{"self":[{"href":"https:\/\/infoactual.com.ar\/index.php\/wp-json\/wp\/v2\/posts\/604","targetHints":{"allow":["GET"]}}],"collection":[{"href":"https:\/\/infoactual.com.ar\/index.php\/wp-json\/wp\/v2\/posts"}],"about":[{"href":"https:\/\/infoactual.com.ar\/index.php\/wp-json\/wp\/v2\/types\/post"}],"author":[{"embeddable":true,"href":"https:\/\/infoactual.com.ar\/index.php\/wp-json\/wp\/v2\/users\/2"}],"replies":[{"embeddable":true,"href":"https:\/\/infoactual.com.ar\/index.php\/wp-json\/wp\/v2\/comments?post=604"}],"version-history":[{"count":1,"href":"https:\/\/infoactual.com.ar\/index.php\/wp-json\/wp\/v2\/posts\/604\/revisions"}],"predecessor-version":[{"id":606,"href":"https:\/\/infoactual.com.ar\/index.php\/wp-json\/wp\/v2\/posts\/604\/revisions\/606"}],"wp:featuredmedia":[{"embeddable":true,"href":"https:\/\/infoactual.com.ar\/index.php\/wp-json\/wp\/v2\/media\/605"}],"wp:attachment":[{"href":"https:\/\/infoactual.com.ar\/index.php\/wp-json\/wp\/v2\/media?parent=604"}],"wp:term":[{"taxonomy":"category","embeddable":true,"href":"https:\/\/infoactual.com.ar\/index.php\/wp-json\/wp\/v2\/categories?post=604"},{"taxonomy":"post_tag","embeddable":true,"href":"https:\/\/infoactual.com.ar\/index.php\/wp-json\/wp\/v2\/tags?post=604"}],"curies":[{"name":"wp","href":"https:\/\/api.w.org\/{rel}","templated":true}]}}