{"id":6043,"date":"2021-09-02T12:04:59","date_gmt":"2021-09-02T15:04:59","guid":{"rendered":"http:\/\/infoactual.com.ar\/?p=6043"},"modified":"2021-09-02T12:05:00","modified_gmt":"2021-09-02T15:05:00","slug":"con-momentos-de-fuerte-lluvia-y-amenaza-de-granizo-finalmente-llego-la-tormenta-de-santa-rosa","status":"publish","type":"post","link":"https:\/\/infoactual.com.ar\/index.php\/2021\/09\/02\/con-momentos-de-fuerte-lluvia-y-amenaza-de-granizo-finalmente-llego-la-tormenta-de-santa-rosa\/","title":{"rendered":"CON MOMENTOS DE FUERTE LLUVIA Y AMENAZA DE GRANIZO, FINALMENTE LLEG\u00d3 LA TORMENTA DE SANTA ROSA"},"content":{"rendered":"\n<p><strong>Con una fuerte lluvia, r\u00e1fagas de viento y amenaza de granizo, la tradicional tormenta de Santa Rosa lleg\u00f3 finalmente hoy a la Ciudad de Buenos Aires y a gran parte del conurbano bonaerense poco despu\u00e9s del mediod\u00eda.<\/strong><\/p>\n\n\n\n<p>&nbsp; &nbsp;La primera de las tormentas se desat\u00f3 en la zona norte del conurbano y tambi\u00e9n en la zona norte de Capital Federal pasadas las 14:00, y gener\u00f3 algunos trastornos en el tr\u00e1nsito vehicular por la escasa visibilidad.<\/p>\n\n\n\n<p>&nbsp;&nbsp; Tal como lo hab\u00eda anunciado el Servicio Meteorol\u00f3gico Nacional (SMN) en las \u00faltimas horas, en principio el viento del este no alcanz\u00f3 un papel preponderante en el panorama de las tormentas, aunque se teme que pueda provocar un crecimiento en el nivel del R\u00edo de la Plata, con el consiguiente anegamiento de zonas costeras en el sur y el norte del conurbano.<\/p>\n\n\n\n<p>&nbsp;&nbsp; El SMN estim\u00f3 que el viento soplar\u00e1 en el rango de los 7 a 12 kil\u00f3metros para por la noche llegar a los 22 kil\u00f3metros por hora.<\/p>\n\n\n\n<p>&nbsp;&nbsp; As\u00ed, y con la primera lluvia fuerte del d\u00eda, la Tormenta de Santa Rosa, que por lo general llega entre cinco d\u00edas antes o cinco despu\u00e9s del 30 de agosto seg\u00fan la tradici\u00f3n, se manifest\u00f3 este mi\u00e9rcoles, en el primer d\u00eda de septiembre.<\/p>\n\n\n\n<p>&nbsp;&nbsp; Seg\u00fan los meteor\u00f3logos, las tormentas, que no durar\u00e1n m\u00e1s de 15 minutos, se van a ir repitiendo con intervalos hasta la tarde de ma\u00f1ana y con momentos de gran actividad el\u00e9ctrica, lo que se prev\u00e9 para la noche del mi\u00e9rcoles y madrugada del jueves.<\/p>\n\n\n\n<p>&nbsp;&nbsp; La tormenta de Santa Rosa deriva de una creencia popular asociada con la figura de Santa Rosa de Lima, celebrada el 30 de agosto. Seg\u00fan la tradici\u00f3n, una tormenta desatada por la santa a trav\u00e9s de la plegaria ahuyent\u00f3 a una flota de piratas que planeaban atacar la ciudad a principios del siglo XVII.<\/p>\n\n\n\n<p>&nbsp;&nbsp; Este fen\u00f3meno no se produce en todo el pa\u00eds, ya que en la \u00e9poca que la tradici\u00f3n sit\u00faa la celebraci\u00f3n de Santa Rosa de Lima, hay factores clim\u00e1ticos que dificultan la formaci\u00f3n de tormentas en algunas regiones.<\/p>\n\n\n\n<p>&nbsp;&nbsp; Seg\u00fan detall\u00f3 el SMN, hay varios ejemplos como la Patagonia, donde no es com\u00fan la formaci\u00f3n de tormentas, o el Noroeste argentino, donde la \u00e9poca est\u00e1 marcada por la estaci\u00f3n seca y predominan los d\u00edas despejados y con mucho sol.<\/p>\n\n\n\n<p>&nbsp;&nbsp; Por lo tanto, el fen\u00f3meno clim\u00e1tico se espera m\u00e1s en el centro y el noreste del pa\u00eds, donde el fin de agosto trae aparejados cambios en la circulaci\u00f3n de la atm\u00f3sfera debido a la proximidad de la primavera, lo que favorece la presencia de aire c\u00e1lido, m\u00e1s humedad y condiciones propicias para el desarrollo de tormentas.<\/p>\n","protected":false},"excerpt":{"rendered":"<p>Con una fuerte lluvia, r\u00e1fagas de viento y amenaza de granizo, la tradicional tormenta de Santa Rosa lleg\u00f3 finalmente hoy a la Ciudad de Buenos Aires y a gran parte del conurbano bonaerense poco despu\u00e9s del mediod\u00eda. &nbsp; &nbsp;La primera de las tormentas se desat\u00f3 en la zona norte del conurbano y tambi\u00e9n en la [&hellip;]<\/p>\n","protected":false},"author":2,"featured_media":6044,"comment_status":"open","ping_status":"open","sticky":false,"template":"","format":"standard","meta":{"footnotes":""},"categories":[45],"tags":[],"class_list":["post-6043","post","type-post","status-publish","format-standard","has-post-thumbnail","hentry","category-sociedad"],"_links":{"self":[{"href":"https:\/\/infoactual.com.ar\/index.php\/wp-json\/wp\/v2\/posts\/6043","targetHints":{"allow":["GET"]}}],"collection":[{"href":"https:\/\/infoactual.com.ar\/index.php\/wp-json\/wp\/v2\/posts"}],"about":[{"href":"https:\/\/infoactual.com.ar\/index.php\/wp-json\/wp\/v2\/types\/post"}],"author":[{"embeddable":true,"href":"https:\/\/infoactual.com.ar\/index.php\/wp-json\/wp\/v2\/users\/2"}],"replies":[{"embeddable":true,"href":"https:\/\/infoactual.com.ar\/index.php\/wp-json\/wp\/v2\/comments?post=6043"}],"version-history":[{"count":1,"href":"https:\/\/infoactual.com.ar\/index.php\/wp-json\/wp\/v2\/posts\/6043\/revisions"}],"predecessor-version":[{"id":6045,"href":"https:\/\/infoactual.com.ar\/index.php\/wp-json\/wp\/v2\/posts\/6043\/revisions\/6045"}],"wp:featuredmedia":[{"embeddable":true,"href":"https:\/\/infoactual.com.ar\/index.php\/wp-json\/wp\/v2\/media\/6044"}],"wp:attachment":[{"href":"https:\/\/infoactual.com.ar\/index.php\/wp-json\/wp\/v2\/media?parent=6043"}],"wp:term":[{"taxonomy":"category","embeddable":true,"href":"https:\/\/infoactual.com.ar\/index.php\/wp-json\/wp\/v2\/categories?post=6043"},{"taxonomy":"post_tag","embeddable":true,"href":"https:\/\/infoactual.com.ar\/index.php\/wp-json\/wp\/v2\/tags?post=6043"}],"curies":[{"name":"wp","href":"https:\/\/api.w.org\/{rel}","templated":true}]}}