{"id":6049,"date":"2021-09-02T12:14:43","date_gmt":"2021-09-02T15:14:43","guid":{"rendered":"http:\/\/infoactual.com.ar\/?p=6049"},"modified":"2021-09-02T12:14:44","modified_gmt":"2021-09-02T15:14:44","slug":"alberto-fernandez-designo-embajadores-en-australia-turkmenistan-sudafrica-y-malta","status":"publish","type":"post","link":"https:\/\/infoactual.com.ar\/index.php\/2021\/09\/02\/alberto-fernandez-designo-embajadores-en-australia-turkmenistan-sudafrica-y-malta\/","title":{"rendered":"ALBERTO FERN\u00c1NDEZ DESIGN\u00d3 EMBAJADORES EN AUSTRALIA, TURKMENIST\u00c1N, SUD\u00c1FRICA Y MALTA"},"content":{"rendered":"\n<p><strong>El presidente Alberto Fern\u00e1ndez design\u00f3 hoy embajadores para hacerse cargo de los v\u00ednculos bilaterales con Australia, Turkmenist\u00e1n, Sud\u00e1frica y Malta.<\/strong><\/p>\n\n\n\n<p>&nbsp; &nbsp;La sede diplom\u00e1tica en el pa\u00eds oce\u00e1nico estar\u00e1 bajo la conducci\u00f3n de M\u00e1ximo Eduardo Gowland, quien se encontraba ocupando el cargo de director nacional de Pol\u00edtica Exterior Ant\u00e1rtica en la Canciller\u00eda.<\/p>\n\n\n\n<p>&nbsp;&nbsp; En tanto, la relaci\u00f3n con la naci\u00f3n asi\u00e1tica ser\u00e1 llevada adelante por Eduardo Zuain, que lo har\u00e1 en simult\u00e1neo con su rol como embajador argentino ante Rusia.<\/p>\n\n\n\n<p>&nbsp;&nbsp; Por su parte, Claudio P\u00e9rez Paladino dejar\u00e1 su puesto al frente de la Direcci\u00f3n de \u00c1frica Subsahariana y pasar\u00e1 a la Embajada en Sud\u00e1frica.<\/p>\n\n\n\n<p>&nbsp;&nbsp; Finalmente, el actual embajador argentino en Italia, Roberto Manuel Carl\u00e9s, fue designado para tambi\u00e9n llevar adelante las relaciones diplom\u00e1ticas con Malta.<\/p>\n\n\n\n<p>&nbsp;&nbsp; Todos los decretos de designaci\u00f3n fueron publicados este jueves en el Bolet\u00edn Oficial y tambi\u00e9n llevan las firmas del jefe de Gabinete, Santiago Cafiero; y del canciller, Felipe Sol\u00e1.<\/p>\n","protected":false},"excerpt":{"rendered":"<p>El presidente Alberto Fern\u00e1ndez design\u00f3 hoy embajadores para hacerse cargo de los v\u00ednculos bilaterales con Australia, Turkmenist\u00e1n, Sud\u00e1frica y Malta. &nbsp; &nbsp;La sede diplom\u00e1tica en el pa\u00eds oce\u00e1nico estar\u00e1 bajo la conducci\u00f3n de M\u00e1ximo Eduardo Gowland, quien se encontraba ocupando el cargo de director nacional de Pol\u00edtica Exterior Ant\u00e1rtica en la Canciller\u00eda. &nbsp;&nbsp; En tanto, [&hellip;]<\/p>\n","protected":false},"author":2,"featured_media":6050,"comment_status":"open","ping_status":"open","sticky":false,"template":"","format":"standard","meta":{"footnotes":""},"categories":[43],"tags":[],"class_list":["post-6049","post","type-post","status-publish","format-standard","has-post-thumbnail","hentry","category-politica"],"_links":{"self":[{"href":"https:\/\/infoactual.com.ar\/index.php\/wp-json\/wp\/v2\/posts\/6049","targetHints":{"allow":["GET"]}}],"collection":[{"href":"https:\/\/infoactual.com.ar\/index.php\/wp-json\/wp\/v2\/posts"}],"about":[{"href":"https:\/\/infoactual.com.ar\/index.php\/wp-json\/wp\/v2\/types\/post"}],"author":[{"embeddable":true,"href":"https:\/\/infoactual.com.ar\/index.php\/wp-json\/wp\/v2\/users\/2"}],"replies":[{"embeddable":true,"href":"https:\/\/infoactual.com.ar\/index.php\/wp-json\/wp\/v2\/comments?post=6049"}],"version-history":[{"count":1,"href":"https:\/\/infoactual.com.ar\/index.php\/wp-json\/wp\/v2\/posts\/6049\/revisions"}],"predecessor-version":[{"id":6051,"href":"https:\/\/infoactual.com.ar\/index.php\/wp-json\/wp\/v2\/posts\/6049\/revisions\/6051"}],"wp:featuredmedia":[{"embeddable":true,"href":"https:\/\/infoactual.com.ar\/index.php\/wp-json\/wp\/v2\/media\/6050"}],"wp:attachment":[{"href":"https:\/\/infoactual.com.ar\/index.php\/wp-json\/wp\/v2\/media?parent=6049"}],"wp:term":[{"taxonomy":"category","embeddable":true,"href":"https:\/\/infoactual.com.ar\/index.php\/wp-json\/wp\/v2\/categories?post=6049"},{"taxonomy":"post_tag","embeddable":true,"href":"https:\/\/infoactual.com.ar\/index.php\/wp-json\/wp\/v2\/tags?post=6049"}],"curies":[{"name":"wp","href":"https:\/\/api.w.org\/{rel}","templated":true}]}}