{"id":6052,"date":"2021-09-02T12:18:51","date_gmt":"2021-09-02T15:18:51","guid":{"rendered":"http:\/\/infoactual.com.ar\/?p=6052"},"modified":"2021-09-02T12:18:52","modified_gmt":"2021-09-02T15:18:52","slug":"massa-el-12-de-septiembre-votamos-entre-la-argentina-para-todos-y-la-argentina-para-unos-pocos","status":"publish","type":"post","link":"https:\/\/infoactual.com.ar\/index.php\/2021\/09\/02\/massa-el-12-de-septiembre-votamos-entre-la-argentina-para-todos-y-la-argentina-para-unos-pocos\/","title":{"rendered":"MASSA: \u00abEL 12 DE SEPTIEMBRE, VOTAMOS ENTRE LA ARGENTINA PARA TODOS Y LA ARGENTINA PARA UNOS POCOS\u00bb"},"content":{"rendered":"\n<p><strong>Con la mira puesta en las primarias abiertas, simult\u00e1neas y obligatorias (PASO), el presidente de la C\u00e1mara de Diputados, Sergio Massa, asegur\u00f3 que el 12 de septiembre los ciudadanos votar\u00e1n \u00abentre la Argentina para todos y la Argentina para unos pocos\u00bb.<\/strong><\/p>\n\n\n\n<p>&nbsp; &nbsp;Al participar de una reuni\u00f3n en el Club Hurac\u00e1n de la localidad de San Justo junto al intendente de La Matanza, Fernando Espinoza, con dirigentes y empresarios locales, el referente del Frente de Todos valor\u00f3 que \u00aba pesar de la pandemia\u00bb el oficialismo le tendi\u00f3 la mano a la producci\u00f3n argentina\u00bb.<\/p>\n\n\n\n<p>&nbsp;&nbsp; \u00abA pesar de la pandemia, le tendimos la mano a la producci\u00f3n argentina, bajando los impuestos, en lo que simboliza el impuesto a las ganancias a nuestras pymes al 25% para mostrar que cre\u00edamos en el esfuerzo, y congelamos las tarifas porque ven\u00edan de sufrir en los costos fijos entre 1300% y 1700% de aumentos. Adem\u00e1s, establecimos sistemas de reducci\u00f3n de tasas y de cr\u00e9ditos\u00bb, subray\u00f3 el ex intendente de Tigre.<\/p>\n\n\n\n<p>&nbsp;&nbsp; Massa asegur\u00f3 que \u00abfrente al camino de la timba y la especulaci\u00f3n financiera que eligen otros (refiri\u00e9ndose a Juntos por el Cambio y las expresiones liberales), nosotros elegimos el camino del trabajo y la producci\u00f3n\u00bb.<\/p>\n\n\n\n<p>&nbsp;&nbsp; \u00abHay un modelo de desarrollo que tiene pilares en la lucha contra la pobreza, con la producci\u00f3n y el reconocimiento del rol de nuestros empresarios, y el Estado ayud\u00e1ndolos, frente a otros que creen la soluci\u00f3n es la timba financiera\u00bb, consider\u00f3.<\/p>\n\n\n\n<p>&nbsp;&nbsp; \u00abCreemos en la Argentina del trabajo, la producci\u00f3n y la educaci\u00f3n como motores centrales del crecimiento. Apostamos a la recuperaci\u00f3n del Mercado interno, entendiendo que el PBI funciona cuando el mercado interno, que representa el 70% de nuestra fuerza como pa\u00eds, funciona y por eso el alivio a los monotributistas y trabajadores con las leyes de Monotributo e Impuesto a las Ganancias\u00bb, resalt\u00f3.<\/p>\n\n\n\n<p>&nbsp;&nbsp; A su vez, Massa manifest\u00f3 que \u00abcuando el Estado sienta a la mesa a sus fuerzas productivas, construye presente pero sobre todo construye futuro\u00bb, al tiempo que resalt\u00f3 la importancia de la inversi\u00f3n p\u00fablica para el crecimiento productivo.<\/p>\n","protected":false},"excerpt":{"rendered":"<p>Con la mira puesta en las primarias abiertas, simult\u00e1neas y obligatorias (PASO), el presidente de la C\u00e1mara de Diputados, Sergio Massa, asegur\u00f3 que el 12 de septiembre los ciudadanos votar\u00e1n \u00abentre la Argentina para todos y la Argentina para unos pocos\u00bb. &nbsp; &nbsp;Al participar de una reuni\u00f3n en el Club Hurac\u00e1n de la localidad de [&hellip;]<\/p>\n","protected":false},"author":2,"featured_media":6053,"comment_status":"open","ping_status":"open","sticky":false,"template":"","format":"standard","meta":{"footnotes":""},"categories":[43],"tags":[],"class_list":["post-6052","post","type-post","status-publish","format-standard","has-post-thumbnail","hentry","category-politica"],"_links":{"self":[{"href":"https:\/\/infoactual.com.ar\/index.php\/wp-json\/wp\/v2\/posts\/6052","targetHints":{"allow":["GET"]}}],"collection":[{"href":"https:\/\/infoactual.com.ar\/index.php\/wp-json\/wp\/v2\/posts"}],"about":[{"href":"https:\/\/infoactual.com.ar\/index.php\/wp-json\/wp\/v2\/types\/post"}],"author":[{"embeddable":true,"href":"https:\/\/infoactual.com.ar\/index.php\/wp-json\/wp\/v2\/users\/2"}],"replies":[{"embeddable":true,"href":"https:\/\/infoactual.com.ar\/index.php\/wp-json\/wp\/v2\/comments?post=6052"}],"version-history":[{"count":1,"href":"https:\/\/infoactual.com.ar\/index.php\/wp-json\/wp\/v2\/posts\/6052\/revisions"}],"predecessor-version":[{"id":6054,"href":"https:\/\/infoactual.com.ar\/index.php\/wp-json\/wp\/v2\/posts\/6052\/revisions\/6054"}],"wp:featuredmedia":[{"embeddable":true,"href":"https:\/\/infoactual.com.ar\/index.php\/wp-json\/wp\/v2\/media\/6053"}],"wp:attachment":[{"href":"https:\/\/infoactual.com.ar\/index.php\/wp-json\/wp\/v2\/media?parent=6052"}],"wp:term":[{"taxonomy":"category","embeddable":true,"href":"https:\/\/infoactual.com.ar\/index.php\/wp-json\/wp\/v2\/categories?post=6052"},{"taxonomy":"post_tag","embeddable":true,"href":"https:\/\/infoactual.com.ar\/index.php\/wp-json\/wp\/v2\/tags?post=6052"}],"curies":[{"name":"wp","href":"https:\/\/api.w.org\/{rel}","templated":true}]}}