{"id":6055,"date":"2021-09-02T12:25:12","date_gmt":"2021-09-02T15:25:12","guid":{"rendered":"http:\/\/infoactual.com.ar\/?p=6055"},"modified":"2021-09-02T12:25:12","modified_gmt":"2021-09-02T15:25:12","slug":"el-gobierno-evalua-dias-horarios-y-locaciones-para-el-cierre-de-campana-que-sera-en-el-conurbano","status":"publish","type":"post","link":"https:\/\/infoactual.com.ar\/index.php\/2021\/09\/02\/el-gobierno-evalua-dias-horarios-y-locaciones-para-el-cierre-de-campana-que-sera-en-el-conurbano\/","title":{"rendered":"EL GOBIERNO EVAL\u00daA \u00abD\u00cdAS, HORARIOS Y LOCACIONES\u00bb PARA EL CIERRE DE CAMPA\u00d1A QUE \u00abSER\u00c1 EN EL CONURBANO\u00bb"},"content":{"rendered":"\n<p><strong>El Gobierno nacional eval\u00faa por estas horas \u00abd\u00edas, horarios y locaciones\u00bb para el cierre de campa\u00f1a, de cara a las PASO del pr\u00f3ximo 12 de septiembre, que \u00abser\u00e1 en el Conurbano\u00bb.<\/strong><\/p>\n\n\n\n<p>&nbsp; &nbsp;\u00abSe est\u00e1n evaluando d\u00edas, horarios y locaciones para los cierres provinciales y el nacional\u00bb, resaltaron a NA altas fuentes del Gobierno.<\/p>\n\n\n\n<p>&nbsp;&nbsp; En ese marco, afirmaron que \u00abtodav\u00eda no est\u00e1 definido el lugar, pero ser\u00e1 en el Conurbano bonaerense\u00bb, y detallaron que las fechas tentativas para el acto de cierren son \u00abel pr\u00f3ximo 8 o 9 de septiembre\u00bb. .<\/p>\n\n\n\n<p>&nbsp;&nbsp; En Casa Rosada consideran \u00absumamente importante ganar en la provincia de Buenos Aires\u00bb, por lo que el el jefe de Estado tiene previsto viajar ma\u00f1ana a la provincia de Chaco y luego transitar la recta final de la campa\u00f1a en territorio bonaerense.<\/p>\n\n\n\n<p>&nbsp;&nbsp; Fern\u00e1ndez visitar\u00e1 este jueves junto al gobernador chaque\u00f1o Jorge Capitanich la empresa metal\u00fargica Palacios Hermanos, ubicada en la ciudad chaque\u00f1a de Resistencia.<\/p>\n\n\n\n<p>&nbsp;&nbsp; De esta manera, el Presidente emprender\u00e1 lo que ser\u00e1 su escala final de la gira que comenz\u00f3 la semana pasada por el interior del pa\u00eds, que lo llevaron a las provincias de San Juan, Catamarca y La Pampa.<\/p>\n\n\n\n<p>&nbsp;&nbsp; El \u00faltimo fin de semana previo a las PASO, Fern\u00e1ndez tiene previsto centrar sus recorridas \u00abpor el tercer cord\u00f3n\u00bb de la provincia de Buenos Aires.<\/p>\n\n\n\n<p>&nbsp;&nbsp; Las visitas incluir\u00e1n las instalaciones de f\u00e1bricas que reabrieron en el \u00faltimo periodo, tras haber cerrado durante la gesti\u00f3n del ex presidente Mauricio Macri \u00abpor la apertura de importaciones\u00bb de la administraci\u00f3n anterior.<\/p>\n\n\n\n<p>&nbsp;&nbsp; Fuentes de Casa Rosada detallaron que el Presidente visitar\u00e1 el pr\u00f3ximo viernes el partido bonaerense de Berazategui, donde ser\u00e1 recibido por el intendente Juan Jos\u00e9 Mussi, quien supo desempe\u00f1arse como secretario de Medio Ambiente durante el gobierno de la ex presidenta Cristina Kirchner.<\/p>\n\n\n\n<p>&nbsp;&nbsp; En tanto, el pr\u00f3ximo s\u00e1bado el jefe de Estado arribar\u00e1 al municipio de Hurlingham, donde se mostrar\u00e1 por primera vez desde que asumi\u00f3 la gesti\u00f3n el intendente local, Dami\u00e1n Selci, en reemplazo del ministro de Desarrollo Social de la Naci\u00f3n, Juan Zabaleta.<\/p>\n\n\n\n<p>&nbsp;&nbsp; En la recta final de la campa\u00f1a, el oficialismo desplegar\u00e1 todo su potencial en tierras bonaerenses con el objetivo de \u00abponer el foco en lo que va a ser la gran batalla\u00bb de estas elecciones legislativas.<\/p>\n\n\n\n<p>&nbsp;&nbsp; Con el objetivo de pulir el mensaje del Frente de Todos, el presidente de la C\u00e1mara de Diputados, Sergio Massa, almorz\u00f3 el martes en Casa Rosada con Alberto Fern\u00e1ndez tras el acto de campa\u00f1a que ambos compartieron en Tecn\u00f3polis.<\/p>\n\n\n\n<p>&nbsp;&nbsp; Fuentes partidarias indicaron a Noticias Argentinas que durante el almuerzo, que se extendi\u00f3 por casi dos horas, Massa y Fern\u00e1ndez analizaron \u00abc\u00f3mo est\u00e1n los n\u00fameros del Frente de Todos\u00bb de cara a las elecciones legislativas y \u00abc\u00f3mo se va a desarrollar el tramo final de la campa\u00f1a\u00bb.<\/p>\n\n\n\n<p>&nbsp;&nbsp; Adem\u00e1s, repasaron \u00abel contenido de leyes para el sector agroindustrial y automotriz\u00bb, adem\u00e1s de evaluar la posibilidad de modificar el m\u00ednimo no imponible del impuesto a las ganancias antes de las PASO.<\/p>\n","protected":false},"excerpt":{"rendered":"<p>El Gobierno nacional eval\u00faa por estas horas \u00abd\u00edas, horarios y locaciones\u00bb para el cierre de campa\u00f1a, de cara a las PASO del pr\u00f3ximo 12 de septiembre, que \u00abser\u00e1 en el Conurbano\u00bb. &nbsp; &nbsp;\u00abSe est\u00e1n evaluando d\u00edas, horarios y locaciones para los cierres provinciales y el nacional\u00bb, resaltaron a NA altas fuentes del Gobierno. &nbsp;&nbsp; En [&hellip;]<\/p>\n","protected":false},"author":2,"featured_media":6056,"comment_status":"open","ping_status":"open","sticky":false,"template":"","format":"standard","meta":{"footnotes":""},"categories":[51],"tags":[48],"class_list":["post-6055","post","type-post","status-publish","format-standard","has-post-thumbnail","hentry","category-provincias","tag-destacada"],"_links":{"self":[{"href":"https:\/\/infoactual.com.ar\/index.php\/wp-json\/wp\/v2\/posts\/6055","targetHints":{"allow":["GET"]}}],"collection":[{"href":"https:\/\/infoactual.com.ar\/index.php\/wp-json\/wp\/v2\/posts"}],"about":[{"href":"https:\/\/infoactual.com.ar\/index.php\/wp-json\/wp\/v2\/types\/post"}],"author":[{"embeddable":true,"href":"https:\/\/infoactual.com.ar\/index.php\/wp-json\/wp\/v2\/users\/2"}],"replies":[{"embeddable":true,"href":"https:\/\/infoactual.com.ar\/index.php\/wp-json\/wp\/v2\/comments?post=6055"}],"version-history":[{"count":1,"href":"https:\/\/infoactual.com.ar\/index.php\/wp-json\/wp\/v2\/posts\/6055\/revisions"}],"predecessor-version":[{"id":6057,"href":"https:\/\/infoactual.com.ar\/index.php\/wp-json\/wp\/v2\/posts\/6055\/revisions\/6057"}],"wp:featuredmedia":[{"embeddable":true,"href":"https:\/\/infoactual.com.ar\/index.php\/wp-json\/wp\/v2\/media\/6056"}],"wp:attachment":[{"href":"https:\/\/infoactual.com.ar\/index.php\/wp-json\/wp\/v2\/media?parent=6055"}],"wp:term":[{"taxonomy":"category","embeddable":true,"href":"https:\/\/infoactual.com.ar\/index.php\/wp-json\/wp\/v2\/categories?post=6055"},{"taxonomy":"post_tag","embeddable":true,"href":"https:\/\/infoactual.com.ar\/index.php\/wp-json\/wp\/v2\/tags?post=6055"}],"curies":[{"name":"wp","href":"https:\/\/api.w.org\/{rel}","templated":true}]}}