{"id":6058,"date":"2021-09-02T12:28:37","date_gmt":"2021-09-02T15:28:37","guid":{"rendered":"http:\/\/infoactual.com.ar\/?p=6058"},"modified":"2021-09-02T12:28:37","modified_gmt":"2021-09-02T15:28:37","slug":"cual-es-la-historia-detras-de-la-pelea-de-argentina-y-chile-por-las-fronteras-maritimas","status":"publish","type":"post","link":"https:\/\/infoactual.com.ar\/index.php\/2021\/09\/02\/cual-es-la-historia-detras-de-la-pelea-de-argentina-y-chile-por-las-fronteras-maritimas\/","title":{"rendered":"\u00bfCU\u00c1L ES LA HISTORIA DETR\u00c1S DE LA PELEA DE ARGENTINA Y CHILE POR LAS FRONTERAS MAR\u00cdTIMAS?"},"content":{"rendered":"\n<p><strong>El diferendo entre Argentina y Chile comenz\u00f3 hace m\u00e1s de un siglo por la demarcaci\u00f3n de los l\u00edmites mar\u00edtimos al sur del Estrecho de Magallanes, y se reactiv\u00f3 esta semana luego de que el Gobierno trasandino publicara una&nbsp;actualizaci\u00f3n de sus fronteras mar\u00edtimas, corri\u00e9ndolas 200 millas hacia la zona argentina.<\/strong><\/p>\n\n\n\n<p><br>&nbsp;&nbsp; El conflicto entre ambos pa\u00edses tuvo un cap\u00edtulo de extrema tensi\u00f3n a fines de los 70 y principios de los 80, cuando la Junta Militar argentina amenaz\u00f3 en varias oportunidades con un inminente traslado de tropas a las islas en disputa para iniciar una guerra de imprevisibles consecuencias.&nbsp;.<\/p>\n\n\n\n<p>&nbsp;&nbsp; Se conoce hist\u00f3ricamente a este proceso como el \u00abConflicto del Beagle\u00bb, y la sangre no lleg\u00f3 al r\u00edo gracias a la&nbsp;mediaci\u00f3n del papa Juan Pablo II, por la cual&nbsp;Argentina y Chile firmaron un Tratado de Paz y Amistad en 1984 que ven\u00eda a poner una aparente soluci\u00f3n a las controversias.&nbsp;.<\/p>\n\n\n\n<p>&nbsp;&nbsp; Se lleg\u00f3 a ese desenlace luego de un largo proceso de intentos infructuosos de conciliaci\u00f3n a trav\u00e9s de mediaciones que no lograban sofocar las amenazas de un conflicto b\u00e9lico.&nbsp;&nbsp;.<\/p>\n\n\n\n<p>&nbsp;&nbsp; En 1971, los gobiernos de los dos pa\u00edses consensuaron el arbitraje de la corona brit\u00e1nica&nbsp;para dirimir el Conflicto del Beagle, pero en 1977 el Gobierno militar de Jorge Rafael Videla rechaz\u00f3 unilateralmente ese laudo, poniendo en pie de guerra a ambas naciones.<\/p>\n\n\n\n<p>&nbsp;&nbsp; Dicha decisi\u00f3n estuvo motivada no solamente por el chauvinismo imperante en el gobierno de facto sino tambi\u00e9n por la propia interna del partido militar, a partir del temor de la facci\u00f3n gobernante a ser reemplazada por otra facci\u00f3n si realizaba concesiones \u00abhumillantes\u00bb a Chile.<\/p>\n\n\n\n<p>&nbsp;&nbsp; Ese contexto cambiar\u00eda radicalmente con la recuperaci\u00f3n de la democracia y la decisi\u00f3n del ex presidente radical Ra\u00fal Alfons\u00edn de pacificar las relaciones internaciones a fin de reinsertar al pa\u00eds en el concierto de naciones del mundo.&nbsp;.<\/p>\n\n\n\n<p>&nbsp;&nbsp; Pero en 1977, el llamado \u00abProceso de Reorganizaci\u00f3n Nacional\u00bb observaba los acontecimientos con una l\u00f3gica diferente y se preparaba para el ataque militar al pa\u00eds vecino.<\/p>\n\n\n\n<p>&nbsp;&nbsp; La zona de controversia&nbsp;estaba delimitada por un pol\u00edgono, pero tras rechazar el laudo arbitral brit\u00e1nico de 1977, Argentina extendi\u00f3 el conflicto a todas las islas al sur del Canal de Beagle y al este del meridiano del Cabo de Hornos.<\/p>\n\n\n\n<p>&nbsp;&nbsp; En este marco, bajo el nombre \u00abOperaci\u00f3n Soberan\u00eda\u00bb, el Gobierno de facto planific\u00f3 la ocupaci\u00f3n militar de islas que el laudo arbitral brit\u00e1nico le hab\u00eda otorgado a Chile (y que estaban bajo control chileno), e incluso se contemplaba la posibilidad de realizar una invasi\u00f3n de tropas al territorio continental chileno y la situaci\u00f3n escalaba.&nbsp;.<\/p>\n\n\n\n<p>&nbsp;&nbsp; La operaci\u00f3n estaba prevista para el 22 de diciembre de 1978 a las 4:00, pero horas antes de dar la orden de ataque, el Sumo Pont\u00edfice se comunic\u00f3 con ambos gobiernos para ofrecer la mediaci\u00f3n papal, lo cual fue aceptado y la misi\u00f3n abortada.<\/p>\n\n\n\n<p>&nbsp;&nbsp; Juan Pablo II design\u00f3 al cardenal Antonio Samor\u00e9 como enviado para encauzar las negociaciones, comprometiendo a las partes a dejar de lado las amenazas de uso de las fuerza a trav\u00e9s del Acta de Montevideo, que se firm\u00f3 el&nbsp;8 de enero de 1979.&nbsp;.<\/p>\n\n\n\n<p>&nbsp;&nbsp; Ese compromiso firmado evit\u00f3 de forma provisoria la guerra pero no logr\u00f3 templar del todo los \u00e1nimos de confrontaci\u00f3n: en 1981 el Ej\u00e9rcito Argentino&nbsp;detuvo a una supuesta red chilena de espionaje, y dicha acci\u00f3n tuvo su r\u00e9plica en Chile con la detenci\u00f3n de dos agentes de inteligencia argentinos.<\/p>\n\n\n\n<p>&nbsp;&nbsp; En este contexto, el 28 de abril de 1981 el general Leopoldo Galtieri, en su condici\u00f3n de comandante en jefe del ej\u00e9rcito argentino, cerr\u00f3 de norte a sur la frontera con Chile, dsin consultar al entonces presidente de facto Roberto Viola ni consensuar la medida con el resto de las fuerzas armadas.<\/p>\n\n\n\n<p>&nbsp;&nbsp; A su vez, el 19 de febrero de 1982, poco tiempo antes del estallido de la Guerra de Malvinas, un&nbsp;remolcador argentino ancl\u00f3 por tres d\u00edas en la Isla Deceit,&nbsp;violando el Acta de Montevideo que exig\u00eda abstenerse de realizar actos que pudiesen enturbiar la armon\u00eda entre los dos pa\u00edses.\u200b.<\/p>\n\n\n\n<p>&nbsp;&nbsp; Tras el fallecimiento de Samor\u00e8 en de febrero de 1983, quien tom\u00f3 las riendas de la mediaci\u00f3n papal fue el cardenal&nbsp;Agostino Cassaroli, secretario de Estado del Vaticano, a quien le toc\u00f3 un contexto m\u00e1s favorable para las negociaciones ya que el reci\u00e9n asumido Gobierno de Alfons\u00edn estaba mejor predispuesto a poner fin a las controversias por los territorios mar\u00edtimos al sur de Tierra del Fuego.<\/p>\n\n\n\n<p>&nbsp;&nbsp; El 11 de junio de 1984 Cassaroli, les hizo llegar a ambos gobiernos una oferta de laudo arbitral, lo que present\u00f3 como \u00abla \u00faltima\u00bb propuesta papal de mediaci\u00f3n, la cual fue aceptada.<\/p>\n\n\n\n<p>&nbsp;&nbsp; Alfons\u00edn plebiscit\u00f3 la decisi\u00f3n y luego impuls\u00f3 la firma en Roma del Tratado de Paz y Amistad entre Argentina y Chile, hecho ocurrido el&nbsp;29 de noviembre de 1984.<\/p>\n\n\n\n<p>&nbsp;&nbsp; El tratado incluye no s\u00f3lo la demarcaci\u00f3n mar\u00edtima sino&nbsp;que fija los derechos de navegaci\u00f3n y reafirma tambi\u00e9n los derechos de ambos pa\u00edses en la Ant\u00e1rtida.<\/p>\n\n\n\n<p>&nbsp;&nbsp; El a\u00f1o pasado, el Congreso de la Naci\u00f3n aprob\u00f3 una ley para&nbsp;demarcar el l\u00edmite exterior de la plataforma continental argentina&nbsp;tomando como base las recomendaciones de la Comisi\u00f3n de L\u00edmites de la Plataforma Continental de las Naciones Unidas, incluyendo dentro del&nbsp;trazado las 200 millas&nbsp;que el Gobierno de Chile se adjudic\u00f3 como propias con la actualizaci\u00f3n de su carta n\u00e1utica.<\/p>\n","protected":false},"excerpt":{"rendered":"<p>El diferendo entre Argentina y Chile comenz\u00f3 hace m\u00e1s de un siglo por la demarcaci\u00f3n de los l\u00edmites mar\u00edtimos al sur del Estrecho de Magallanes, y se reactiv\u00f3 esta semana luego de que el Gobierno trasandino publicara una&nbsp;actualizaci\u00f3n de sus fronteras mar\u00edtimas, corri\u00e9ndolas 200 millas hacia la zona argentina. &nbsp;&nbsp; El conflicto entre ambos pa\u00edses [&hellip;]<\/p>\n","protected":false},"author":2,"featured_media":6060,"comment_status":"open","ping_status":"open","sticky":false,"template":"","format":"standard","meta":{"footnotes":""},"categories":[43],"tags":[48],"class_list":["post-6058","post","type-post","status-publish","format-standard","has-post-thumbnail","hentry","category-politica","tag-destacada"],"_links":{"self":[{"href":"https:\/\/infoactual.com.ar\/index.php\/wp-json\/wp\/v2\/posts\/6058","targetHints":{"allow":["GET"]}}],"collection":[{"href":"https:\/\/infoactual.com.ar\/index.php\/wp-json\/wp\/v2\/posts"}],"about":[{"href":"https:\/\/infoactual.com.ar\/index.php\/wp-json\/wp\/v2\/types\/post"}],"author":[{"embeddable":true,"href":"https:\/\/infoactual.com.ar\/index.php\/wp-json\/wp\/v2\/users\/2"}],"replies":[{"embeddable":true,"href":"https:\/\/infoactual.com.ar\/index.php\/wp-json\/wp\/v2\/comments?post=6058"}],"version-history":[{"count":1,"href":"https:\/\/infoactual.com.ar\/index.php\/wp-json\/wp\/v2\/posts\/6058\/revisions"}],"predecessor-version":[{"id":6061,"href":"https:\/\/infoactual.com.ar\/index.php\/wp-json\/wp\/v2\/posts\/6058\/revisions\/6061"}],"wp:featuredmedia":[{"embeddable":true,"href":"https:\/\/infoactual.com.ar\/index.php\/wp-json\/wp\/v2\/media\/6060"}],"wp:attachment":[{"href":"https:\/\/infoactual.com.ar\/index.php\/wp-json\/wp\/v2\/media?parent=6058"}],"wp:term":[{"taxonomy":"category","embeddable":true,"href":"https:\/\/infoactual.com.ar\/index.php\/wp-json\/wp\/v2\/categories?post=6058"},{"taxonomy":"post_tag","embeddable":true,"href":"https:\/\/infoactual.com.ar\/index.php\/wp-json\/wp\/v2\/tags?post=6058"}],"curies":[{"name":"wp","href":"https:\/\/api.w.org\/{rel}","templated":true}]}}