{"id":6178,"date":"2021-09-05T21:21:12","date_gmt":"2021-09-06T00:21:12","guid":{"rendered":"http:\/\/infoactual.com.ar\/?p=6178"},"modified":"2021-09-05T21:21:13","modified_gmt":"2021-09-06T00:21:13","slug":"alberto-fernandez-sostuvo-que-el-pais-empieza-a-recuperarse-e-ingresa-en-una-nueva-etapa","status":"publish","type":"post","link":"https:\/\/infoactual.com.ar\/index.php\/2021\/09\/05\/alberto-fernandez-sostuvo-que-el-pais-empieza-a-recuperarse-e-ingresa-en-una-nueva-etapa\/","title":{"rendered":"ALBERTO FERN\u00c1NDEZ SOSTUVO QUE EL PA\u00cdS \u00abEMPIEZA A RECUPERARSE\u00bb E \u00abINGRESA EN UNA NUEVA ETAPA\u00bb"},"content":{"rendered":"\n<p><strong>El presidente Alberto Fern\u00e1ndez sostuvo hoy que el pa\u00eds \u00abempieza a recuperarse\u00bb econ\u00f3micamente y que \u00abingresa en una nueva etapa\u00bb a partir del avance de la vacunaci\u00f3n, lo cual permite que \u00ablos contagios cedan\u00bb y se empiece a retomar \u00abel ritmo habitual\u00bb en la vida de los argentinos.<\/strong><\/p>\n\n\n\n<p>&nbsp; &nbsp;\u00abReci\u00e9n ahora, con el avance de la vacunaci\u00f3n, los contagios ceden y empezamos a recuperar el ritmo habitual en nuestras vidas. As\u00ed, nuestra Argentina ingresa en una nueva etapa\u00bb, indic\u00f3 en una columna publicada este domingo en Infobae que el propio jefe de Estado titul\u00f3 \u00abEl d\u00eda 100\u00bb.<\/p>\n\n\n\n<p>&nbsp;&nbsp; \u00abDesde que asumimos el gobierno, solo contamos con 99 d\u00edas de normalidad sanitaria. El resto, fue b\u00e1sicamente poner de pie un sistema de salud abandonado y enfrentar los contagios de un virus desconocido. Todos nuestros planes originales se trastocaron porque las prioridades repentinamente fueron otras.<\/p>\n\n\n\n<p>&nbsp;&nbsp;Tras el dolor que la pandemia nos ha infligido llev\u00e1ndose con ella la vida de tantos seres queridos, hoy la Argentina empieza a recuperarse\u00bb, afirm\u00f3.<\/p>\n\n\n\n<p>&nbsp;&nbsp; Con estas palabras, Fern\u00e1ndez deja en claro que busca que juzguen los resultados de su gesti\u00f3n desde este d\u00eda n\u00famero 100 en adelante, ya que el a\u00f1o y medio anterior no se puede analizar bajo par\u00e1metros normales, por la distorsi\u00f3n que gener\u00f3 la pandemia a nivel global y nacional.<\/p>\n\n\n\n<p>&nbsp;&nbsp; M\u00e1s all\u00e1 de eso, destac\u00f3 que pese a las adversidades se consiguieron algunos logros como el aumento de la inversi\u00f3n en \u00abun 14% respecto de 2019\u00bb.<\/p>\n\n\n\n<p>&nbsp;&nbsp; \u00abSi observamos la actividad industrial, advertimos que ha crecido en junio casi el 12% respecto del mismo mes de 2019. Lo mismo ocurre en la construcci\u00f3n y en el uso de la capacidad instalada de nuestras industrias. Hemos logrado el nivel m\u00e1s alto de exportaciones en los \u00faltimos ocho a\u00f1os y nuestras reservas monetarias poco a poco se recomponen.<\/p>\n\n\n\n<p>&nbsp;&nbsp; Para Fern\u00e1ndez, \u00abcuando este a\u00f1o culmine, Argentina habr\u00e1 crecido m\u00e1s del 7% y seguir\u00e1 creciendo en los a\u00f1os posteriores\u00bb.<\/p>\n\n\n\n<p>&nbsp;&nbsp; \u00abEn gran medida el ritmo de la recuperaci\u00f3n es posible por haber puesto en pr\u00e1ctica la l\u00f3gica pol\u00edtica que abrazamos desde siempre: un Estado presente para cuidar la vida, la educaci\u00f3n, el trabajo y la producci\u00f3n de la Argentina\u00bb, concluy\u00f3.<\/p>\n\n\n\n<p>&nbsp;&nbsp; El presidente destac\u00f3 la inversi\u00f3n en salud y la campa\u00f1a de inmunizaci\u00f3n, pero tambi\u00e9n ponder\u00f3 que \u00abmientras cuid\u00e1bamos la salud de los argentinos nunca perdimos de vista la necesidad de preservar peque\u00f1as y medianas empresas que daban y dan trabajo\u00bb.<\/p>\n\n\n\n<p>&nbsp;&nbsp; \u00abSi no hubi\u00e9ramos cuidado a esas empresas, hoy no estar\u00edamos volviendo a crecer. Si no hubi\u00e9ramos acompa\u00f1ado a cada trabajador y a cada trabajadora, hoy no se volver\u00edan a levantar las persianas de las industrias y los comercios. Si no hubi\u00e9ramos aumentado los cr\u00e9ditos para aquellas peque\u00f1as y medianas empresas bajando las tasas que los bancos cobran por esos cr\u00e9ditos, la producci\u00f3n se hubiera estancado\u00bb, dijo.<\/p>\n\n\n\n<p>&nbsp;&nbsp; A su entender, se est\u00e1 \u00ablogrando esta recuperaci\u00f3n porque existe un Estado promotor de la obra p\u00fablica y de la construcci\u00f3n de viviendas\u00bb.<\/p>\n\n\n\n<p>&nbsp;&nbsp; \u00abEsa mayor inversi\u00f3n p\u00fablica se financia porque el fisco recauda m\u00e1s en una econom\u00eda que crece, porque el Aporte de las Grandes Fortunas es destinado a ese desarrollo y porque hemos ahorrado m\u00e1s de 35 mil millones de d\u00f3lares en intereses de la deuda que el anterior gobierno tom\u00f3\u00bb, apunt\u00f3.<\/p>\n\n\n\n<p>&nbsp;&nbsp; \u00abYo s\u00e9 que muchos argentinos todav\u00eda no logran salir del malestar que la pandemia ha generado. Pero estoy seguro de que con el correr de los d\u00edas en cada hogar de nuestra Argentina se va a sentir m\u00e1s esta recuperaci\u00f3n que estamos transitando\u00bb, manifest\u00f3.<\/p>\n\n\n\n<p>&nbsp;&nbsp; Fern\u00e1ndez reconoci\u00f3 \u00abla decepci\u00f3n que anida en muchos j\u00f3venes\u00bb, aunque transmiti\u00f3 un mensaje de \u00abesperanza\u00bb al se\u00f1alar que \u00abcon la reactivaci\u00f3n, las oportunidades de educarse, trabajar y progresar van a florecer\u00bb.<\/p>\n\n\n\n<p>&nbsp;&nbsp; \u00abEs necesaria toda su energ\u00eda porque est\u00e1n llamados a ser protagonistas centrales en este tiempo. Son las y los j\u00f3venes quienes mejor y m\u00e1s intensamente nos se\u00f1alan los desaf\u00edos que debemos enfrentar, en particular los vinculados a la protecci\u00f3n ambiental que nos impone el cuidar la casa com\u00fan y a la construcci\u00f3n de una sociedad m\u00e1s democr\u00e1tica, diversa, libre e igual\u00bb, manifest\u00f3.<\/p>\n\n\n\n<p>&nbsp;&nbsp; Seg\u00fan Fern\u00e1ndez, \u00abdebemos entender que lo que est\u00e1 en debate es c\u00f3mo ser\u00e1 nuestro pa\u00eds cuando acabe esta pandemia\u00bb.<\/p>\n\n\n\n<p>&nbsp;&nbsp; \u00abEnfrentamos dos modelos de pa\u00eds claramente contrapuestos que miran los problemas del pueblo de modo diferente. Y comprender la dimensi\u00f3n de la discrepancia es central para construir el futuro\u00bb, indic\u00f3.<\/p>\n\n\n\n<p>&nbsp;&nbsp; \u00abNo todo es lo mismo. No es lo mismo generar con total desaprensi\u00f3n una crisis econ\u00f3mica y social como la que cre\u00f3 el gobierno anterior, que trabajar y esforzarse por proteger en todo lo posible a la Argentina ante una crisis global determinada por una pandemia. No es lo mismo lograr que la industria crezca, incluso en pandemia, que la destrucci\u00f3n industrial que hemos vivido entre 2016 y 2019. No es lo mismo que los jubilados paguen o no los medicamentos que necesitan para vivir. No es lo mismo que las tarifas de los servicios p\u00fablicos sean accesibles para quienes los requieran o que las tarifas sean dispuestas en funci\u00f3n de las utilidades pretendidas por quienes explotan esos servicios. No es lo mismo que m\u00e1s de un mill\u00f3n de trabajadores paguen o no impuesto a las ganancias.<\/p>\n\n\n\n<p>&nbsp;&nbsp;No es lo mismo que los chicos tengan o no la computadora que necesitan para estudiar, ni es lo mismo que la educaci\u00f3n universitaria se disemine federalmente o se concentre en las grandes ciudades. No es lo mismo igualar o no los derechos de argentinos y argentinas\u00bb, compar\u00f3.<\/p>\n\n\n\n<p>&nbsp;&nbsp; En otro orden, dijo que \u00abel tiempo de los planes sociales debe ser superado por la creaci\u00f3n de trabajo\u00bb, aunque aclar\u00f3 que \u00abeso no significa dejar de asistir a quienes lo necesitan\u00bb ya que \u00abel Estado no puede abandonar a su suerte a las v\u00edctimas de la pobreza\u00bb.<\/p>\n\n\n\n<p>&nbsp;&nbsp; \u00abDesde el 10 de diciembre de 2019 solo vivimos 99 d\u00edas en un clima de normalidad sin tener en riesgo nuestras vidas. El d\u00eda 100 de normalidad est\u00e1 llegando y a partir de entonces solo seremos nosotros lo \u00fanicos art\u00edfices de nuestro destino\u00bb, concluy\u00f3.<\/p>\n","protected":false},"excerpt":{"rendered":"<p>El presidente Alberto Fern\u00e1ndez sostuvo hoy que el pa\u00eds \u00abempieza a recuperarse\u00bb econ\u00f3micamente y que \u00abingresa en una nueva etapa\u00bb a partir del avance de la vacunaci\u00f3n, lo cual permite que \u00ablos contagios cedan\u00bb y se empiece a retomar \u00abel ritmo habitual\u00bb en la vida de los argentinos. &nbsp; &nbsp;\u00abReci\u00e9n ahora, con el avance de [&hellip;]<\/p>\n","protected":false},"author":2,"featured_media":6179,"comment_status":"open","ping_status":"open","sticky":false,"template":"","format":"standard","meta":{"footnotes":""},"categories":[43],"tags":[48],"class_list":["post-6178","post","type-post","status-publish","format-standard","has-post-thumbnail","hentry","category-politica","tag-destacada"],"_links":{"self":[{"href":"https:\/\/infoactual.com.ar\/index.php\/wp-json\/wp\/v2\/posts\/6178","targetHints":{"allow":["GET"]}}],"collection":[{"href":"https:\/\/infoactual.com.ar\/index.php\/wp-json\/wp\/v2\/posts"}],"about":[{"href":"https:\/\/infoactual.com.ar\/index.php\/wp-json\/wp\/v2\/types\/post"}],"author":[{"embeddable":true,"href":"https:\/\/infoactual.com.ar\/index.php\/wp-json\/wp\/v2\/users\/2"}],"replies":[{"embeddable":true,"href":"https:\/\/infoactual.com.ar\/index.php\/wp-json\/wp\/v2\/comments?post=6178"}],"version-history":[{"count":1,"href":"https:\/\/infoactual.com.ar\/index.php\/wp-json\/wp\/v2\/posts\/6178\/revisions"}],"predecessor-version":[{"id":6180,"href":"https:\/\/infoactual.com.ar\/index.php\/wp-json\/wp\/v2\/posts\/6178\/revisions\/6180"}],"wp:featuredmedia":[{"embeddable":true,"href":"https:\/\/infoactual.com.ar\/index.php\/wp-json\/wp\/v2\/media\/6179"}],"wp:attachment":[{"href":"https:\/\/infoactual.com.ar\/index.php\/wp-json\/wp\/v2\/media?parent=6178"}],"wp:term":[{"taxonomy":"category","embeddable":true,"href":"https:\/\/infoactual.com.ar\/index.php\/wp-json\/wp\/v2\/categories?post=6178"},{"taxonomy":"post_tag","embeddable":true,"href":"https:\/\/infoactual.com.ar\/index.php\/wp-json\/wp\/v2\/tags?post=6178"}],"curies":[{"name":"wp","href":"https:\/\/api.w.org\/{rel}","templated":true}]}}