{"id":6211,"date":"2021-09-06T08:33:32","date_gmt":"2021-09-06T11:33:32","guid":{"rendered":"http:\/\/infoactual.com.ar\/?p=6211"},"modified":"2021-09-06T08:33:33","modified_gmt":"2021-09-06T11:33:33","slug":"cafiero-a-los-empresarios-les-va-mucho-mejor-con-nosotros-que-con-el-gobierno-anterior","status":"publish","type":"post","link":"https:\/\/infoactual.com.ar\/index.php\/2021\/09\/06\/cafiero-a-los-empresarios-les-va-mucho-mejor-con-nosotros-que-con-el-gobierno-anterior\/","title":{"rendered":"CAFIERO: \u00abA LOS EMPRESARIOS LES VA MUCHO MEJOR CON NOSOTROS QUE CON EL GOBIERNO ANTERIOR\u00bb"},"content":{"rendered":"\n<p><strong>El jefe de Gabinete, Santiago Cafiero, asegur\u00f3 hoy que \u00aba los empresarios les va mucho mejor\u00bb con la gesti\u00f3n actual que con el Gobierno anterior y resalt\u00f3 que la industrializaci\u00f3n \u00abes la nave insignia de la recuperaci\u00f3n econ\u00f3mica\u00bb en la post pandemia.<\/strong><\/p>\n\n\n\n<p>&nbsp; &nbsp;\u00abNo le preguntamos a los empresario a quien votan, les preponemos que inviertan, que cumplan con los compromisos tributarios y laborales, y con los marcos normativos que vamos dise\u00f1ando\u00bb, resalt\u00f3, y record\u00f3 que muchos de ellos \u00abtuvieron que acceder al ATP, que le pag\u00f3 el sueldo a tres millones y medio de trabajadores\u00bb y \u00abmuchas empresas se salvaron por esos programas\u00bb.<\/p>\n\n\n\n<p>&nbsp;&nbsp; En declaraciones radiales, el funcionario afirm\u00f3 que el Frente de Todos demostr\u00f3 \u00abacciones\u00bb que \u00abcorporizan el modelo de producci\u00f3n y empleo\u00bb, contrariamente a Juntos por el Cambio que a su entender propone un modelo de \u00abespeculaci\u00f3n financiera\u00bb.<\/p>\n\n\n\n<p>&nbsp;&nbsp; Cafiero destac\u00f3 que \u00abla industria est\u00e1 creciendo al 12% y eso tracciona empleo de calidad\u00bb.<\/p>\n\n\n\n<p>&nbsp;&nbsp; \u00abLlevamos casi 25 mil puestos de trabajo nuevos. No s\u00f3lo se recuperaron los que se hab\u00edan perdido en la pandemia en t\u00e9rminos industriales\u00bb, subray\u00f3.<\/p>\n\n\n\n<p>&nbsp;&nbsp; En otro orden, el jefe de Gabinete sentenci\u00f3 que Macri \u00abfue el peor Presidente que tuvo la Argentina desde la vuelta de la democracia, y todav\u00eda tiene que rendir cuentas de lo que ha sido su Gobierno y su gesti\u00f3n\u00bb.<\/p>\n\n\n\n<p>&nbsp;&nbsp; En este sentido, consider\u00f3 que la gesti\u00f3n macrista \u00abse corporiza con el nivel de endeudamiento r\u00e9cord que dej\u00f3\u00bb, como tambi\u00e9n en \u00ablas tasas de inter\u00e9s con que se ten\u00edan que financiar por ejemplo los sectores productivos\u00bb.<\/p>\n","protected":false},"excerpt":{"rendered":"<p>El jefe de Gabinete, Santiago Cafiero, asegur\u00f3 hoy que \u00aba los empresarios les va mucho mejor\u00bb con la gesti\u00f3n actual que con el Gobierno anterior y resalt\u00f3 que la industrializaci\u00f3n \u00abes la nave insignia de la recuperaci\u00f3n econ\u00f3mica\u00bb en la post pandemia. &nbsp; &nbsp;\u00abNo le preguntamos a los empresario a quien votan, les preponemos que [&hellip;]<\/p>\n","protected":false},"author":2,"featured_media":6212,"comment_status":"open","ping_status":"open","sticky":false,"template":"","format":"standard","meta":{"footnotes":""},"categories":[43],"tags":[],"class_list":["post-6211","post","type-post","status-publish","format-standard","has-post-thumbnail","hentry","category-politica"],"_links":{"self":[{"href":"https:\/\/infoactual.com.ar\/index.php\/wp-json\/wp\/v2\/posts\/6211","targetHints":{"allow":["GET"]}}],"collection":[{"href":"https:\/\/infoactual.com.ar\/index.php\/wp-json\/wp\/v2\/posts"}],"about":[{"href":"https:\/\/infoactual.com.ar\/index.php\/wp-json\/wp\/v2\/types\/post"}],"author":[{"embeddable":true,"href":"https:\/\/infoactual.com.ar\/index.php\/wp-json\/wp\/v2\/users\/2"}],"replies":[{"embeddable":true,"href":"https:\/\/infoactual.com.ar\/index.php\/wp-json\/wp\/v2\/comments?post=6211"}],"version-history":[{"count":1,"href":"https:\/\/infoactual.com.ar\/index.php\/wp-json\/wp\/v2\/posts\/6211\/revisions"}],"predecessor-version":[{"id":6213,"href":"https:\/\/infoactual.com.ar\/index.php\/wp-json\/wp\/v2\/posts\/6211\/revisions\/6213"}],"wp:featuredmedia":[{"embeddable":true,"href":"https:\/\/infoactual.com.ar\/index.php\/wp-json\/wp\/v2\/media\/6212"}],"wp:attachment":[{"href":"https:\/\/infoactual.com.ar\/index.php\/wp-json\/wp\/v2\/media?parent=6211"}],"wp:term":[{"taxonomy":"category","embeddable":true,"href":"https:\/\/infoactual.com.ar\/index.php\/wp-json\/wp\/v2\/categories?post=6211"},{"taxonomy":"post_tag","embeddable":true,"href":"https:\/\/infoactual.com.ar\/index.php\/wp-json\/wp\/v2\/tags?post=6211"}],"curies":[{"name":"wp","href":"https:\/\/api.w.org\/{rel}","templated":true}]}}