{"id":6383,"date":"2021-09-10T09:39:17","date_gmt":"2021-09-10T12:39:17","guid":{"rendered":"http:\/\/infoactual.com.ar\/?p=6383"},"modified":"2021-09-10T09:39:18","modified_gmt":"2021-09-10T12:39:18","slug":"oficial-el-consejo-del-salario-se-reune-el-30-de-septiembre","status":"publish","type":"post","link":"https:\/\/infoactual.com.ar\/index.php\/2021\/09\/10\/oficial-el-consejo-del-salario-se-reune-el-30-de-septiembre\/","title":{"rendered":"OFICIAL: EL CONSEJO DEL SALARIO SE RE\u00daNE EL 30 DE SEPTIEMBRE"},"content":{"rendered":"\n<p><strong>El Ministerio de Trabajo convoc\u00f3 formalmente hoy a una nueva reuni\u00f3n del Consejo del Salario, para el 30 de septiembre pr\u00f3ximo, que tendr\u00e1 como objetivo definir un aumento del haber m\u00ednimo.<\/strong><\/p>\n\n\n\n<p>&nbsp; &nbsp;La decisi\u00f3n, que ya hab\u00eda sido adelantada el mi\u00e9rcoles \u00faltimo, qued\u00f3 plasmada en la Resoluci\u00f3n 7\/2021 de la cartera laboral, publicada este viernes en el Bolet\u00edn Oficial.<\/p>\n\n\n\n<p>&nbsp;&nbsp; \u00abConv\u00f3case a los integrantes del Consejo Nacional del Empleo, la Productividad y el Salario M\u00ednimo, Vital y M\u00f3vil, a a reunirse en sesi\u00f3n plenaria ordinaria el 30 de septiembre de 2021, a las 15:00, a celebrarse mediante plataforma virtual.<\/p>\n\n\n\n<p>&nbsp;&nbsp;D\u00e9jase establecido la convocatoria a segunda sesi\u00f3n para las 16:30 de ese mismo d\u00eda\u00bb, seg\u00fan el texto oficial.<\/p>\n\n\n\n<p>&nbsp;&nbsp; El Poder Ejecutivo fij\u00f3 como Orden del D\u00eda de la sesi\u00f3n, la designaci\u00f3n de dos Consejeros presentes de cada sector para la suscripci\u00f3n del acta y la consideraci\u00f3n de los temas elevados al plenario por la Comisi\u00f3n del Salario M\u00ednimo, Vital y M\u00f3vil y Prestaciones por Desempleo.<\/p>\n\n\n\n<p>&nbsp;&nbsp; Los integrantes de esa Comisi\u00f3n tambi\u00e9n se reunir\u00e1n el 30 de septiembre y de manera virtual, en este caso a las 14:30, para determinar el Salario M\u00ednimo, Vital y M\u00f3vil, en el marco de lo dispuesto por el art\u00edculo 135, inciso a) de la Ley N\u00ba 24.013 y sus modificatorias.<\/p>\n\n\n\n<p>&nbsp;&nbsp; Tambi\u00e9n deber\u00e1n fijar los montos m\u00ednimo y m\u00e1ximo de la prestaci\u00f3n por desempleo, en el marco de la misma Ley.<\/p>\n\n\n\n<p>&nbsp;&nbsp; La \u00faltima reuni\u00f3n del Consejo del Salario -conformado por el Gobierno y los representantes de las c\u00e1maras empresarias y de los sindicatos- se celebr\u00f3 el 27 de abril \u00faltimo y fij\u00f3 el haber m\u00ednimo en a $29.160, un 35% por encima del monto anterior.<\/p>\n\n\n\n<p>&nbsp;&nbsp; En esa oportunidad, el aumento se estableci\u00f3 a pagar en siete tramos, para llegar a esa cifra reci\u00e9n en febrero del a\u00f1o que viene.<\/p>\n\n\n\n<p>&nbsp;&nbsp; Pero ante el avance de la inflaci\u00f3n, el Gobierno decidi\u00f3 adelantar los plazos, por lo que el \u00faltimo tramo se aplica este mes.<\/p>\n\n\n\n<p>&nbsp;&nbsp; Seg\u00fan los \u00faltimos datos difundidos por el INDEC, los salarios subieron 2,3% en junio \u00faltimo, por debajo de la inflaci\u00f3n de ese mes, que fue del 3,2%.<\/p>\n\n\n\n<p>&nbsp;&nbsp; El \u00edndice de salarios acumul\u00f3 en los \u00faltimos doce meses una suba del 43%, siete puntos porcentuales debajo del alza del 50,2% en los precios minoristas.<\/p>\n","protected":false},"excerpt":{"rendered":"<p>El Ministerio de Trabajo convoc\u00f3 formalmente hoy a una nueva reuni\u00f3n del Consejo del Salario, para el 30 de septiembre pr\u00f3ximo, que tendr\u00e1 como objetivo definir un aumento del haber m\u00ednimo. &nbsp; &nbsp;La decisi\u00f3n, que ya hab\u00eda sido adelantada el mi\u00e9rcoles \u00faltimo, qued\u00f3 plasmada en la Resoluci\u00f3n 7\/2021 de la cartera laboral, publicada este viernes [&hellip;]<\/p>\n","protected":false},"author":2,"featured_media":6384,"comment_status":"open","ping_status":"open","sticky":false,"template":"","format":"standard","meta":{"footnotes":""},"categories":[46],"tags":[48],"class_list":["post-6383","post","type-post","status-publish","format-standard","has-post-thumbnail","hentry","category-gremial","tag-destacada"],"_links":{"self":[{"href":"https:\/\/infoactual.com.ar\/index.php\/wp-json\/wp\/v2\/posts\/6383","targetHints":{"allow":["GET"]}}],"collection":[{"href":"https:\/\/infoactual.com.ar\/index.php\/wp-json\/wp\/v2\/posts"}],"about":[{"href":"https:\/\/infoactual.com.ar\/index.php\/wp-json\/wp\/v2\/types\/post"}],"author":[{"embeddable":true,"href":"https:\/\/infoactual.com.ar\/index.php\/wp-json\/wp\/v2\/users\/2"}],"replies":[{"embeddable":true,"href":"https:\/\/infoactual.com.ar\/index.php\/wp-json\/wp\/v2\/comments?post=6383"}],"version-history":[{"count":1,"href":"https:\/\/infoactual.com.ar\/index.php\/wp-json\/wp\/v2\/posts\/6383\/revisions"}],"predecessor-version":[{"id":6385,"href":"https:\/\/infoactual.com.ar\/index.php\/wp-json\/wp\/v2\/posts\/6383\/revisions\/6385"}],"wp:featuredmedia":[{"embeddable":true,"href":"https:\/\/infoactual.com.ar\/index.php\/wp-json\/wp\/v2\/media\/6384"}],"wp:attachment":[{"href":"https:\/\/infoactual.com.ar\/index.php\/wp-json\/wp\/v2\/media?parent=6383"}],"wp:term":[{"taxonomy":"category","embeddable":true,"href":"https:\/\/infoactual.com.ar\/index.php\/wp-json\/wp\/v2\/categories?post=6383"},{"taxonomy":"post_tag","embeddable":true,"href":"https:\/\/infoactual.com.ar\/index.php\/wp-json\/wp\/v2\/tags?post=6383"}],"curies":[{"name":"wp","href":"https:\/\/api.w.org\/{rel}","templated":true}]}}