{"id":6928,"date":"2021-09-25T18:21:00","date_gmt":"2021-09-25T21:21:00","guid":{"rendered":"http:\/\/infoactual.com.ar\/?p=6928"},"modified":"2021-09-26T18:25:19","modified_gmt":"2021-09-26T21:25:19","slug":"se-suman-gobernadores-al-pedido-de-eliminar-el-cepo-a-las-exportaciones-de-carne-el-lunes-reunion-clave","status":"publish","type":"post","link":"https:\/\/infoactual.com.ar\/index.php\/2021\/09\/25\/se-suman-gobernadores-al-pedido-de-eliminar-el-cepo-a-las-exportaciones-de-carne-el-lunes-reunion-clave\/","title":{"rendered":"SE SUMAN GOBERNADORES AL PEDIDO DE ELIMINAR EL CEPO A LAS EXPORTACIONES DE CARNE: EL LUNES REUNI\u00d3N CLAVE"},"content":{"rendered":"\n<p><strong>M\u00e1s gobernadores se sumaron hoy al pedido de levantar el cepo a la exportaci\u00f3n de carne, uno de los temas que se tratar\u00e1n en la reuni\u00f3n que el flamante ministro de Agricultura, Juli\u00e1n Dom\u00ednguez, mantendr\u00e1 el lunes pr\u00f3ximo con los integrantes de la Mesa de Enlace.<\/strong><\/p>\n\n\n\n<p>&nbsp; &nbsp;Tras el pedido formulado por el gobernador de C\u00f3rdoba, Juan Schiaretti, para dejar sin efecto las restricciones, se sumaron los mandatarios de Entre R\u00edos, Gustavo Bordet; Santa Fe, Omar Perotti; y La Pampa, Sergio Ziliotto.<\/p>\n\n\n\n<p>&nbsp;&nbsp; Bordet dijo que en el marco de generar y sostener el empleo, \u00abtenemos que aumentar los niveles de productividad\u00bb.<\/p>\n\n\n\n<p>&nbsp;&nbsp; Explic\u00f3 que junto a Perotti y Ziliotto est\u00e1n pidiendo que se \u00abresuelva el tema de las exportaciones de carne, porque impacta en nuestras provincias\u00bb.<\/p>\n\n\n\n<p>&nbsp;&nbsp; Se\u00f1al\u00f3 que en Entre R\u00edos \u00abhay frigor\u00edficos exportadores y nos preocupa la mano de obra que all\u00ed trabaja\u00bb.<\/p>\n\n\n\n<p>&nbsp; &nbsp;\u00abCon esa preocupaci\u00f3n, estamos pidiendo al ministro Dom\u00ednguez que -sabemos que comparte esta preocupaci\u00f3n- resolver este conflicto para defender la fuente de empleo de los obreros de los frigor\u00edficos\u00bb, indic\u00f3.<\/p>\n\n\n\n<p>&nbsp; &nbsp;Como ejemplo, cit\u00f3 los casos de los frigor\u00edficos Alberdi, en Oro Verde, y el San Jos\u00e9, de esa localidad entrerriana.<\/p>\n\n\n\n<p>&nbsp;&nbsp; \u00abPor la defensa y el sostenimiento del empleo es que estamos pidiendo que estas medidas de cierre de exportaciones puedan reverse para avanzar hacia un sistema productivo integral que garantice que haya empleo sostenible y para que las cadenas de valor como la industria y el sector c\u00e1rnico tenga la rentabilidad necesarias\u00bb, asegur\u00f3.<\/p>\n\n\n\n<p>&nbsp;&nbsp; Por su parte, el ministro de Producci\u00f3n entrerriano, Juan Jos\u00e9 Bahillo, dijo que se est\u00e1 atravesando una \u00absituaci\u00f3n dif\u00edcil y estamos preocupados por el alza de los precios de alimentos b\u00e1sicos, por eso es necesario encontrar puntos de encuentro para que el sector c\u00e1rnico abastezca al mercado local con valores acordes al bolsillo de las familias\u00bb.<\/p>\n\n\n\n<p>&nbsp;&nbsp; El titular de la cartera productiva agreg\u00f3 que la carne bovina entrerriana lleg\u00f3 en 2020 a 33 mercados externos y se alcanzaron los USD 164,8 millones (el 11,57% de las exportaciones totales entrerrianas), con 43.050 toneladas.<\/p>\n\n\n\n<p>&nbsp;&nbsp; La tendencia en los \u00faltimos a\u00f1os ha sido de un crecimiento constante pero la restricci\u00f3n de exportaciones ha generado riesgos en la estabilidad laboral de cientos de trabajadores, alert\u00f3.<\/p>\n\n\n\n<p>&nbsp;&nbsp; \u00abEntendemos l\u00f3gico que desde el gobierno nacional se apliquen pol\u00edticas para contener la suba de precios, pero ya sabemos por experiencias anteriores, que limitando las exportaciones no se corrige esta situaci\u00f3n\u00bb, se\u00f1al\u00f3.<\/p>\n","protected":false},"excerpt":{"rendered":"<p>M\u00e1s gobernadores se sumaron hoy al pedido de levantar el cepo a la exportaci\u00f3n de carne, uno de los temas que se tratar\u00e1n en la reuni\u00f3n que el flamante ministro de Agricultura, Juli\u00e1n Dom\u00ednguez, mantendr\u00e1 el lunes pr\u00f3ximo con los integrantes de la Mesa de Enlace. &nbsp; &nbsp;Tras el pedido formulado por el gobernador de [&hellip;]<\/p>\n","protected":false},"author":2,"featured_media":5452,"comment_status":"open","ping_status":"open","sticky":false,"template":"","format":"standard","meta":{"footnotes":""},"categories":[44],"tags":[],"class_list":["post-6928","post","type-post","status-publish","format-standard","has-post-thumbnail","hentry","category-economia"],"_links":{"self":[{"href":"https:\/\/infoactual.com.ar\/index.php\/wp-json\/wp\/v2\/posts\/6928","targetHints":{"allow":["GET"]}}],"collection":[{"href":"https:\/\/infoactual.com.ar\/index.php\/wp-json\/wp\/v2\/posts"}],"about":[{"href":"https:\/\/infoactual.com.ar\/index.php\/wp-json\/wp\/v2\/types\/post"}],"author":[{"embeddable":true,"href":"https:\/\/infoactual.com.ar\/index.php\/wp-json\/wp\/v2\/users\/2"}],"replies":[{"embeddable":true,"href":"https:\/\/infoactual.com.ar\/index.php\/wp-json\/wp\/v2\/comments?post=6928"}],"version-history":[{"count":1,"href":"https:\/\/infoactual.com.ar\/index.php\/wp-json\/wp\/v2\/posts\/6928\/revisions"}],"predecessor-version":[{"id":6929,"href":"https:\/\/infoactual.com.ar\/index.php\/wp-json\/wp\/v2\/posts\/6928\/revisions\/6929"}],"wp:featuredmedia":[{"embeddable":true,"href":"https:\/\/infoactual.com.ar\/index.php\/wp-json\/wp\/v2\/media\/5452"}],"wp:attachment":[{"href":"https:\/\/infoactual.com.ar\/index.php\/wp-json\/wp\/v2\/media?parent=6928"}],"wp:term":[{"taxonomy":"category","embeddable":true,"href":"https:\/\/infoactual.com.ar\/index.php\/wp-json\/wp\/v2\/categories?post=6928"},{"taxonomy":"post_tag","embeddable":true,"href":"https:\/\/infoactual.com.ar\/index.php\/wp-json\/wp\/v2\/tags?post=6928"}],"curies":[{"name":"wp","href":"https:\/\/api.w.org\/{rel}","templated":true}]}}