{"id":704,"date":"2021-04-05T15:49:46","date_gmt":"2021-04-05T15:49:46","guid":{"rendered":"http:\/\/infoactual.com.ar\/?p=704"},"modified":"2021-04-05T15:49:46","modified_gmt":"2021-04-05T15:49:46","slug":"belocopitt-a-este-ritmo-en-cuatro-o-cinco-dias-el-sistema-de-salud-deja-de-aguantar","status":"publish","type":"post","link":"https:\/\/infoactual.com.ar\/index.php\/2021\/04\/05\/belocopitt-a-este-ritmo-en-cuatro-o-cinco-dias-el-sistema-de-salud-deja-de-aguantar\/","title":{"rendered":"BELOCOPITT: \u00abA ESTE RITMO, EN CUATRO O CINCO D\u00cdAS EL SISTEMA DE SALUD DEJA DE AGUANTAR\u00bb"},"content":{"rendered":"\n<p><strong>El presidente de la Uni\u00f3n Argentina de la Salud y due\u00f1o de Swiss Medical, Claudio Belocopitt, asegur\u00f3 que \u00aba este ritmo\u00bb de aumento de contagios \u00aben cuatro o cinco d\u00edas el sistema de salud deja de aguantar\u00bb, por lo que consider\u00f3 que \u00aben las pr\u00f3ximas horas van a tomar medidas\u00bb.<\/strong><\/p>\n\n\n\n<p>&nbsp; &nbsp;\u00abA este ritmo, en cuatro o cinco d\u00edas el sistema de salud deja de aguantar. Estoy seguro que en las pr\u00f3ximas horas van a tomar medidas\u00bb, subray\u00f3 el empresario de la salud en declaraciones radiales.<\/p>\n\n\n\n<p>&nbsp;&nbsp; En ese sentido, se\u00f1al\u00f3 que \u00abla situaci\u00f3n est\u00e1 muy compleja\u00bb porque \u00abes un r\u00e9cord absoluto que en fin de semana largo tengamos el 90% de camas ocupadas en terapia\u00bb.<\/p>\n\n\n\n<p>&nbsp;&nbsp; \u00abYo entiendo que la situaci\u00f3n econ\u00f3mica es re contra compleja pero el a\u00f1o pasado el sistema no satur\u00f3 porque las medidas fueron duras\u00bb, manifest\u00f3.<\/p>\n\n\n\n<p>&nbsp;&nbsp; En tanto, explic\u00f3 que en sus hospitales se est\u00e1n \u00abarmando terapias en habitaciones comunes\u00bb lo que significa \u00abun oxigeno peque\u00f1o\u00bb que va a servir para \u00abganar tiempo\u00bb.<\/p>\n\n\n\n<p>&nbsp;&nbsp; \u00abLos trabajadores de la salud est\u00e1n muy cansados. Estamos adem\u00e1s en plena negociaci\u00f3n de las paritarias\u00bb, indic\u00f3.<\/p>\n\n\n\n<p>&nbsp;&nbsp; Y concluy\u00f3: \u00abLos funcionarios tienen una frazada corta. Los n\u00fameros de la econom\u00eda no son buenos. El humor social en un a\u00f1o electoral es complicado\u00bb.<\/p>\n\n\n\n<p>&nbsp;&nbsp; Esta tarde, el jefe de Gabinete, Santiago Cafiero, recibir\u00e1 en Casa Rosada a sus pares de Ciudad y Provincia de Buenos Aires, Felipe Miguel y Carlos Bianco, para hablar sobre la situaci\u00f3n epidemiol\u00f3gica del AMBA.<\/p>\n\n\n\n<p>&nbsp;&nbsp; En tanto, fuentes cercanas al jefe de Gabinete adelantaron a NA que se discutir\u00e1n nuevas medidas a tomar en el marco del fuerte aumento de casos.<\/p>\n\n\n\n<p>&nbsp;&nbsp; Tambi\u00e9n participar\u00e1n de la reuni\u00f3n la ministra de Salud, Carla Vizzotti, y sus pares de los distritos ya mencionados, Fern\u00e1n Quir\u00f3s y Daniel Goll\u00e1n.<\/p>\n","protected":false},"excerpt":{"rendered":"<p>El presidente de la Uni\u00f3n Argentina de la Salud y due\u00f1o de Swiss Medical, Claudio Belocopitt, asegur\u00f3 que \u00aba este ritmo\u00bb de aumento de contagios \u00aben cuatro o cinco d\u00edas el sistema de salud deja de aguantar\u00bb, por lo que consider\u00f3 que \u00aben las pr\u00f3ximas horas van a tomar medidas\u00bb. &nbsp; &nbsp;\u00abA este ritmo, en [&hellip;]<\/p>\n","protected":false},"author":2,"featured_media":705,"comment_status":"open","ping_status":"open","sticky":false,"template":"","format":"standard","meta":{"footnotes":""},"categories":[43],"tags":[48],"class_list":["post-704","post","type-post","status-publish","format-standard","has-post-thumbnail","hentry","category-politica","tag-destacada"],"_links":{"self":[{"href":"https:\/\/infoactual.com.ar\/index.php\/wp-json\/wp\/v2\/posts\/704","targetHints":{"allow":["GET"]}}],"collection":[{"href":"https:\/\/infoactual.com.ar\/index.php\/wp-json\/wp\/v2\/posts"}],"about":[{"href":"https:\/\/infoactual.com.ar\/index.php\/wp-json\/wp\/v2\/types\/post"}],"author":[{"embeddable":true,"href":"https:\/\/infoactual.com.ar\/index.php\/wp-json\/wp\/v2\/users\/2"}],"replies":[{"embeddable":true,"href":"https:\/\/infoactual.com.ar\/index.php\/wp-json\/wp\/v2\/comments?post=704"}],"version-history":[{"count":1,"href":"https:\/\/infoactual.com.ar\/index.php\/wp-json\/wp\/v2\/posts\/704\/revisions"}],"predecessor-version":[{"id":706,"href":"https:\/\/infoactual.com.ar\/index.php\/wp-json\/wp\/v2\/posts\/704\/revisions\/706"}],"wp:featuredmedia":[{"embeddable":true,"href":"https:\/\/infoactual.com.ar\/index.php\/wp-json\/wp\/v2\/media\/705"}],"wp:attachment":[{"href":"https:\/\/infoactual.com.ar\/index.php\/wp-json\/wp\/v2\/media?parent=704"}],"wp:term":[{"taxonomy":"category","embeddable":true,"href":"https:\/\/infoactual.com.ar\/index.php\/wp-json\/wp\/v2\/categories?post=704"},{"taxonomy":"post_tag","embeddable":true,"href":"https:\/\/infoactual.com.ar\/index.php\/wp-json\/wp\/v2\/tags?post=704"}],"curies":[{"name":"wp","href":"https:\/\/api.w.org\/{rel}","templated":true}]}}