{"id":707,"date":"2021-04-05T15:52:43","date_gmt":"2021-04-05T15:52:43","guid":{"rendered":"http:\/\/infoactual.com.ar\/?p=707"},"modified":"2021-04-05T15:52:44","modified_gmt":"2021-04-05T15:52:44","slug":"vizzotti-afirmo-que-las-fuentes-de-contagio-no-son-en-los-lugares-de-trabajo-o-actividades-con-protocolos","status":"publish","type":"post","link":"https:\/\/infoactual.com.ar\/index.php\/2021\/04\/05\/vizzotti-afirmo-que-las-fuentes-de-contagio-no-son-en-los-lugares-de-trabajo-o-actividades-con-protocolos\/","title":{"rendered":"VIZZOTTI AFIRM\u00d3 QUE \u00abLAS FUENTES DE CONTAGIO NO SON EN LOS LUGARES DE TRABAJO O ACTIVIDADES CON PROTOCOLOS\u00bb"},"content":{"rendered":"\n<p><strong>La ministra de Salud, Carla Vizzotti, afirm\u00f3 anoche que \u00ablas fuentes de contagio\u00bb de coronavirus \u00abno son en los lugares de trabajo o actividades con protocolos\u00bb, y precis\u00f3 que \u00abhasta ahora no tenemos una fuerte circulaci\u00f3n\u00bb de las nuevas cepas.<\/strong><\/p>\n\n\n\n<p>&nbsp; &nbsp;\u00abLo que estamos viendo es que las fuentes de contagio no son en los lugares de trabajo o actividades con protocolos. El objetivo m\u00e1s grande es sostener todas las actividades, incluso las de esparcimiento con protocolos. Los contagios ahora son en otros \u00e1mbitos\u00bb, resalt\u00f3 Vizzotti.<\/p>\n\n\n\n<p>&nbsp;&nbsp; En declaraciones radiales, la ministra de Salud indic\u00f3 que \u00abno se registra\u00bb en la Argentina la variante sudafricana del coronavirus.<\/p>\n\n\n\n<p>&nbsp;&nbsp; \u00abTenemos identificadas en el pa\u00eds las variantes de Reino Unido y Manaos, todav\u00eda no tenemos la de Sud\u00e1frica. La mayor\u00eda es porque han tenido contacto con viajeros\u00bb, explic\u00f3.<\/p>\n\n\n\n<p>&nbsp;&nbsp; Adem\u00e1s, la ministra de Salud indic\u00f3 que el presidente Alberto Fern\u00e1ndez est\u00e1 \u00aben buen estado de salud\u00bb, y precis\u00f3 que estada tarde mantuvo un contacto virtual con el jefe de Estado y el Jefe de Gabinete, Santiago Cafiero, para seguir monitoreando la situaci\u00f3n epidemiol\u00f3gica.<\/p>\n\n\n\n<p>&nbsp;&nbsp; Respecto al plan de vacunaci\u00f3n, subray\u00f3: \u00abEntre el 29 de marzo y ma\u00f1ana se est\u00e1n distribuyendo un mill\u00f3n y medio del componente uno de Sputnik V. Es un n\u00famero importante de dosis para ir vacunando a los mayores de 60\u00bb.<\/p>\n\n\n\n<p>&nbsp;&nbsp; \u00abEstamos trabajando para realizar otro vuelo a Mosc\u00fa en la semana. En el momento que tienen disponibilidad de dosis, nosotros mandamos el avi\u00f3n para traerlas\u00bb, relat\u00f3.<\/p>\n\n\n\n<p>&nbsp;&nbsp; En esa l\u00ednea, resalt\u00f3 que el Ejecutivo nacional est\u00e1 \u00abtrabajando para traer los dos millones de dosis de Sinopharm que est\u00e1n pendientes\u00bb, y ampli\u00f3: \u00abEstamos trabajando muy fuerte con el embajador de Argentina en China\u00bb.<\/p>\n\n\n\n<p>&nbsp;&nbsp; \u00abNosotros sabemos que estamos empezando esta nueva etapa con un sistema de salud fortalecido. Tenemos m\u00e1s del 90 por ciento del personal de salud vacunado con una dosis y el 60, con dos dosis\u00bb, indic\u00f3.<\/p>\n\n\n\n<p>&nbsp;&nbsp; En ese marco, la funcionaria nacional asegur\u00f3 que el Gobierno busca \u00abredoblar los esfuerzos para el cuidado individual\u00bb, con el objetivo de \u00abpoder dar tiempo a la vacunaci\u00f3n\u00bb.<\/p>\n\n\n\n<p>&nbsp;&nbsp; Por \u00faltimo, revel\u00f3 que se reuni\u00f3 con el embajador de Cuba en la Argentina, Pedro Pablo Prada Quintero, y concluy\u00f3: \u00abCuba tiene cinco desarrollos. Son vacunas candidatas que est\u00e1n en fase de investigaci\u00f3n\u00bb.<\/p>\n","protected":false},"excerpt":{"rendered":"<p>La ministra de Salud, Carla Vizzotti, afirm\u00f3 anoche que \u00ablas fuentes de contagio\u00bb de coronavirus \u00abno son en los lugares de trabajo o actividades con protocolos\u00bb, y precis\u00f3 que \u00abhasta ahora no tenemos una fuerte circulaci\u00f3n\u00bb de las nuevas cepas. &nbsp; &nbsp;\u00abLo que estamos viendo es que las fuentes de contagio no son en los [&hellip;]<\/p>\n","protected":false},"author":2,"featured_media":708,"comment_status":"open","ping_status":"open","sticky":false,"template":"","format":"standard","meta":{"footnotes":""},"categories":[45],"tags":[],"class_list":["post-707","post","type-post","status-publish","format-standard","has-post-thumbnail","hentry","category-sociedad"],"_links":{"self":[{"href":"https:\/\/infoactual.com.ar\/index.php\/wp-json\/wp\/v2\/posts\/707","targetHints":{"allow":["GET"]}}],"collection":[{"href":"https:\/\/infoactual.com.ar\/index.php\/wp-json\/wp\/v2\/posts"}],"about":[{"href":"https:\/\/infoactual.com.ar\/index.php\/wp-json\/wp\/v2\/types\/post"}],"author":[{"embeddable":true,"href":"https:\/\/infoactual.com.ar\/index.php\/wp-json\/wp\/v2\/users\/2"}],"replies":[{"embeddable":true,"href":"https:\/\/infoactual.com.ar\/index.php\/wp-json\/wp\/v2\/comments?post=707"}],"version-history":[{"count":1,"href":"https:\/\/infoactual.com.ar\/index.php\/wp-json\/wp\/v2\/posts\/707\/revisions"}],"predecessor-version":[{"id":709,"href":"https:\/\/infoactual.com.ar\/index.php\/wp-json\/wp\/v2\/posts\/707\/revisions\/709"}],"wp:featuredmedia":[{"embeddable":true,"href":"https:\/\/infoactual.com.ar\/index.php\/wp-json\/wp\/v2\/media\/708"}],"wp:attachment":[{"href":"https:\/\/infoactual.com.ar\/index.php\/wp-json\/wp\/v2\/media?parent=707"}],"wp:term":[{"taxonomy":"category","embeddable":true,"href":"https:\/\/infoactual.com.ar\/index.php\/wp-json\/wp\/v2\/categories?post=707"},{"taxonomy":"post_tag","embeddable":true,"href":"https:\/\/infoactual.com.ar\/index.php\/wp-json\/wp\/v2\/tags?post=707"}],"curies":[{"name":"wp","href":"https:\/\/api.w.org\/{rel}","templated":true}]}}