{"id":710,"date":"2021-04-05T15:54:56","date_gmt":"2021-04-05T15:54:56","guid":{"rendered":"http:\/\/infoactual.com.ar\/?p=710"},"modified":"2021-04-05T15:54:57","modified_gmt":"2021-04-05T15:54:57","slug":"pella-dos-meses-despues-volvio-a-competir-en-el-circuito-atp-pero-perdio-en-cagliari-italia","status":"publish","type":"post","link":"https:\/\/infoactual.com.ar\/index.php\/2021\/04\/05\/pella-dos-meses-despues-volvio-a-competir-en-el-circuito-atp-pero-perdio-en-cagliari-italia\/","title":{"rendered":"PELLA, DOS MESES DESPU\u00c9S, VOLVI\u00d3 A COMPETIR EN EL CIRCUITO ATP PERO PERDI\u00d3 EN CAGLIARI, ITALIA"},"content":{"rendered":"\n<p><strong>&nbsp;El bahiense Guido Pella, 48\u00b0 del r\u00e1nking mundial, volvi\u00f3 hoy a competir luego de dos meses en el circuito profesional, aunque cay\u00f3 en su debut en el ATP 250 de Cagliari, Italia, ante el bielorruso Egor Gerasimov (80\u00b0) por 6-4 y 6-0.<\/strong><\/p>\n\n\n\n<p>&nbsp; &nbsp;Pella estuvo sin competir desde el 8 de febrero, cuando perdi\u00f3 en primera rueda del Abierto de Australia ante el croata Borna Coric (27\u00b0), y luego contrajo coronavirus.<\/p>\n\n\n\n<p>&nbsp;&nbsp; Esa enfermedad lo dej\u00f3 fuera de la gira latinoamericana sobre polvo de ladrillo, que incluy\u00f3 los torneos de C\u00f3rdoba y Buenos Aires, en la Argentina.<\/p>\n\n\n\n<p>&nbsp;&nbsp; Ya recuperado, Pella enfoc\u00f3 sus fuerzas en el retorno al circuito en Europa y se present\u00f3 como s\u00e9ptimo preclasificado en Cagliari, pero qued\u00f3 eliminado en una hora y 26 minutos de juego, en su cuarto encuentro en la temporada.<\/p>\n\n\n\n<p>&nbsp;&nbsp; Ahora, Pella tendr\u00e1 como pr\u00f3ximo paso el Masters 1000 Montecarlo, primer gran torneo de la temporada sobre polvo de ladrillo que se pondr\u00e1 en marcha el pr\u00f3ximo 11 de abril.<\/p>\n","protected":false},"excerpt":{"rendered":"<p>&nbsp;El bahiense Guido Pella, 48\u00b0 del r\u00e1nking mundial, volvi\u00f3 hoy a competir luego de dos meses en el circuito profesional, aunque cay\u00f3 en su debut en el ATP 250 de Cagliari, Italia, ante el bielorruso Egor Gerasimov (80\u00b0) por 6-4 y 6-0. &nbsp; &nbsp;Pella estuvo sin competir desde el 8 de febrero, cuando perdi\u00f3 en [&hellip;]<\/p>\n","protected":false},"author":2,"featured_media":711,"comment_status":"open","ping_status":"open","sticky":false,"template":"","format":"standard","meta":{"footnotes":""},"categories":[50],"tags":[],"class_list":["post-710","post","type-post","status-publish","format-standard","has-post-thumbnail","hentry","category-deportes"],"_links":{"self":[{"href":"https:\/\/infoactual.com.ar\/index.php\/wp-json\/wp\/v2\/posts\/710","targetHints":{"allow":["GET"]}}],"collection":[{"href":"https:\/\/infoactual.com.ar\/index.php\/wp-json\/wp\/v2\/posts"}],"about":[{"href":"https:\/\/infoactual.com.ar\/index.php\/wp-json\/wp\/v2\/types\/post"}],"author":[{"embeddable":true,"href":"https:\/\/infoactual.com.ar\/index.php\/wp-json\/wp\/v2\/users\/2"}],"replies":[{"embeddable":true,"href":"https:\/\/infoactual.com.ar\/index.php\/wp-json\/wp\/v2\/comments?post=710"}],"version-history":[{"count":1,"href":"https:\/\/infoactual.com.ar\/index.php\/wp-json\/wp\/v2\/posts\/710\/revisions"}],"predecessor-version":[{"id":712,"href":"https:\/\/infoactual.com.ar\/index.php\/wp-json\/wp\/v2\/posts\/710\/revisions\/712"}],"wp:featuredmedia":[{"embeddable":true,"href":"https:\/\/infoactual.com.ar\/index.php\/wp-json\/wp\/v2\/media\/711"}],"wp:attachment":[{"href":"https:\/\/infoactual.com.ar\/index.php\/wp-json\/wp\/v2\/media?parent=710"}],"wp:term":[{"taxonomy":"category","embeddable":true,"href":"https:\/\/infoactual.com.ar\/index.php\/wp-json\/wp\/v2\/categories?post=710"},{"taxonomy":"post_tag","embeddable":true,"href":"https:\/\/infoactual.com.ar\/index.php\/wp-json\/wp\/v2\/tags?post=710"}],"curies":[{"name":"wp","href":"https:\/\/api.w.org\/{rel}","templated":true}]}}