{"id":725,"date":"2021-04-05T16:11:08","date_gmt":"2021-04-05T16:11:08","guid":{"rendered":"http:\/\/infoactual.com.ar\/?p=725"},"modified":"2021-04-05T16:11:09","modified_gmt":"2021-04-05T16:11:09","slug":"pymes-portenas-aseguran-que-estan-peor-que-el-ano-pasado-y-rechazan-restricciones-fuertes","status":"publish","type":"post","link":"https:\/\/infoactual.com.ar\/index.php\/2021\/04\/05\/pymes-portenas-aseguran-que-estan-peor-que-el-ano-pasado-y-rechazan-restricciones-fuertes\/","title":{"rendered":"PYMES PORTE\u00d1AS ASEGURAN QUE EST\u00c1N PEOR QUE EL A\u00d1O PASADO Y RECHAZAN RESTRICCIONES FUERTES"},"content":{"rendered":"\n<p><strong>Empresarios pymes del comercio y la industria de la Ciudad de Buenos Aires advirtieron hoy que su situaci\u00f3n es ahora \u00abmucho m\u00e1s complicada\u00bb que la del a\u00f1o pasado, por lo cual rechazaron que pueda aplicarse un cierre masivo de las actividades frente a la segunda ola del coronavirus.<\/strong><\/p>\n\n\n\n<p>&nbsp; &nbsp;\u00abSi se cerrara todo, no nos vamos a morir por Covid, pero s\u00ed por no poder trabajar\u00bb, sentenci\u00f3 el presidente de la Federaci\u00f3n de Comercio e Industria de la Ciudad de Buenos Aires (FECOBA) Fabi\u00e1n Castillo.<\/p>\n\n\n\n<p>&nbsp;&nbsp; Seg\u00fan el dirigente, las pymes de la capital argentina viven \u00abuna situaci\u00f3n diferente a la del a\u00f1o pasado: ahora es mucho m\u00e1s complicada\u00bb.<\/p>\n\n\n\n<p>&nbsp;&nbsp; Por ese motivo, resalt\u00f3: \u00abdescartamos que se pueda recurrir a un cierre masivo como el del a\u00f1o pasado. Ya no hay margen para eso. Este a\u00f1o las pymes est\u00e1n mucho m\u00e1s golpeadas. Queremos que no haya que cerrar m\u00e1s empresas y las que cerraron, que tengan chances de volver a operar\u00bb.<\/p>\n\n\n\n<p>&nbsp;&nbsp; \u00abVemos mucha incertidumbre con vistas al cort\u00edsimo plazo entre las casi 100 mil pymes que forman parte de FECOBA. Cuando en 2020 hubo que cerrar, no se pudo vender y la mercader\u00eda qued\u00f3 adentro. Buscamos evitar eso\u00bb, enfatiz\u00f3.<\/p>\n\n\n\n<p>&nbsp;&nbsp; Castillo anticip\u00f3 a la agencia NA que ma\u00f1ana habr\u00e1 una reuni\u00f3n del comit\u00e9 de crisis de la entidad empresaria, que debi\u00f3 volver a ponerse en funcionamiento ante el agravamiento de la situaci\u00f3n epidemiol\u00f3gica.<\/p>\n\n\n\n<p>&nbsp;&nbsp; Tras ese encuentro, FECOBA tiene previsto reunirse, en pr\u00f3ximos d\u00edas, con el vicejefe de Gobierno porte\u00f1o, Diego Santilli y el jefe de Gabinete, Felipe Miguel, \u00abpara plantear nuestra situaci\u00f3n, ya que entendemos que la cogesti\u00f3n p\u00fablico- privada resulta fundamental para dcar certidumbre a las pymes\u00bb.<\/p>\n\n\n\n<p>&nbsp;&nbsp; Para el directivo, \u00abla clave es el equilibrio. En busca de eso, estamos evaluando experiencias de c\u00e1maras empresarias de Europa, tal el caso de Valencia, en Espa\u00f1a, que aplic\u00f3 cierres programados con con horarios y d\u00edas espec\u00edficos. Tal vez eso se podr\u00eda replicar aqu\u00ed\u00bb.<\/p>\n\n\n\n<p>&nbsp;&nbsp; Adem\u00e1s, Castillo reclam\u00f3 que el Estado Nacional \u00abnos vuelva a ayudar con mecanismos como el ATP, para poder seguir cumpliento con los salarios. Es un tema que ya se lo hemos planteado al Gobierno, pero resulta indispensable insistir\u00bb.<\/p>\n\n\n\n<p>&nbsp;&nbsp; \u00abEs que Estado es el salvavidas de esta situaci\u00f3n: necesitamos que est\u00e9 m\u00e1s cerca que nunca de las pymes\u00bb, subray\u00f3 el empresario.<\/p>\n\n\n\n<p>&nbsp;&nbsp; El dirigente coment\u00f3 tambi\u00e9n que dentro de la Federaci\u00f3n, se cre\u00f3 una \u00abMesa de micro y macrocentro\u00bb porte\u00f1o, para evaluar alternativas que permitan recuperar esa zona.<\/p>\n\n\n\n<p>&nbsp;&nbsp; \u00abEl micro y macrocentro est\u00e1 desierto, es un desastre. Muchos locales cerraron y muchas empresas siguen en la modalidad home office. Creo que es necesaria una reconversi\u00f3n\u00bb, evalu\u00f3.<\/p>\n","protected":false},"excerpt":{"rendered":"<p>Empresarios pymes del comercio y la industria de la Ciudad de Buenos Aires advirtieron hoy que su situaci\u00f3n es ahora \u00abmucho m\u00e1s complicada\u00bb que la del a\u00f1o pasado, por lo cual rechazaron que pueda aplicarse un cierre masivo de las actividades frente a la segunda ola del coronavirus. &nbsp; &nbsp;\u00abSi se cerrara todo, no nos [&hellip;]<\/p>\n","protected":false},"author":2,"featured_media":726,"comment_status":"open","ping_status":"open","sticky":false,"template":"","format":"standard","meta":{"footnotes":""},"categories":[51],"tags":[],"class_list":["post-725","post","type-post","status-publish","format-standard","has-post-thumbnail","hentry","category-provincias"],"_links":{"self":[{"href":"https:\/\/infoactual.com.ar\/index.php\/wp-json\/wp\/v2\/posts\/725","targetHints":{"allow":["GET"]}}],"collection":[{"href":"https:\/\/infoactual.com.ar\/index.php\/wp-json\/wp\/v2\/posts"}],"about":[{"href":"https:\/\/infoactual.com.ar\/index.php\/wp-json\/wp\/v2\/types\/post"}],"author":[{"embeddable":true,"href":"https:\/\/infoactual.com.ar\/index.php\/wp-json\/wp\/v2\/users\/2"}],"replies":[{"embeddable":true,"href":"https:\/\/infoactual.com.ar\/index.php\/wp-json\/wp\/v2\/comments?post=725"}],"version-history":[{"count":1,"href":"https:\/\/infoactual.com.ar\/index.php\/wp-json\/wp\/v2\/posts\/725\/revisions"}],"predecessor-version":[{"id":727,"href":"https:\/\/infoactual.com.ar\/index.php\/wp-json\/wp\/v2\/posts\/725\/revisions\/727"}],"wp:featuredmedia":[{"embeddable":true,"href":"https:\/\/infoactual.com.ar\/index.php\/wp-json\/wp\/v2\/media\/726"}],"wp:attachment":[{"href":"https:\/\/infoactual.com.ar\/index.php\/wp-json\/wp\/v2\/media?parent=725"}],"wp:term":[{"taxonomy":"category","embeddable":true,"href":"https:\/\/infoactual.com.ar\/index.php\/wp-json\/wp\/v2\/categories?post=725"},{"taxonomy":"post_tag","embeddable":true,"href":"https:\/\/infoactual.com.ar\/index.php\/wp-json\/wp\/v2\/tags?post=725"}],"curies":[{"name":"wp","href":"https:\/\/api.w.org\/{rel}","templated":true}]}}