{"id":7555,"date":"2021-10-10T12:01:47","date_gmt":"2021-10-10T15:01:47","guid":{"rendered":"http:\/\/infoactual.com.ar\/?p=7555"},"modified":"2021-10-10T12:01:48","modified_gmt":"2021-10-10T15:01:48","slug":"la-madre-de-todas-las-batallas-alineacion-precios-salarios","status":"publish","type":"post","link":"https:\/\/infoactual.com.ar\/index.php\/2021\/10\/10\/la-madre-de-todas-las-batallas-alineacion-precios-salarios\/","title":{"rendered":"LA MADRE DE TODAS LAS BATALLAS: ALINEACI\u00d3N PRECIOS-SALARIOS"},"content":{"rendered":"\n<h4 class=\"wp-block-heading\">&nbsp;En diciembre de 2020, en un encuentro del Frente de Todos en La Plata, junto a nuestro Presidente Alberto Fern\u00e1ndez, M\u00e1ximo Kirchner, Sergio Massa y Axel Kicillof, la vicepresidenta de la Naci\u00f3n, Cristina Kirchner defini\u00f3 prioridades cuando formul\u00f3 la premisa que deb\u00edan alinearse salarios y jubilaciones con los precios de los alimentos y las tarifas.<\/h4>\n\n\n\n<p>Por Vanesa Siley*.<br><br>&nbsp;&nbsp; Por aquel momento empezaba a notarse la recuperaci\u00f3n de la actividad econ\u00f3mica, a partir de la disminuci\u00f3n de casos previo a la segunda ola, y Cristina insisti\u00f3 en la necesidad de que el crecimiento no fuera aprovechado \u00fanicamente por los sectores econ\u00f3micos concentrados.<\/p>\n\n\n\n<p>&nbsp; Aqu\u00ed las dos caras de una misma moneda: el aumento desmedido de precios y la concentraci\u00f3n econ\u00f3mica.<br>&nbsp;&nbsp;.<br>&nbsp;&nbsp; La recuperaci\u00f3n del poder adquisitivo del salario, eslab\u00f3n clave en la generaci\u00f3n de nuevos puestos de trabajo.<br>&nbsp;&nbsp;.<br>&nbsp;&nbsp; No hace falta ser economista para comprender que la realidad hist\u00f3rica de la Argentina nos demuestra que la rueda virtuosa del consumo en el mercado interno es la clave para el desarrollo econ\u00f3mico.<\/p>\n\n\n\n<p>&nbsp;&nbsp; All\u00ed es donde pueden existir y expandirse las pymes, principales dadoras de puestos de trabajo registrado del sector privado. Lo clave para estas empresas es colocar sus productos en el mercado, venderlos.<\/p>\n\n\n\n<p>&nbsp;&nbsp; Es as\u00ed que junto a variables macroecon\u00f3micas favorables a la producci\u00f3n nacional y protecci\u00f3n estatal, \u00e9stas empresas necesitan antes que nada trabajadores y trabajadoras, jubilados y jubiladas, que compren sus productos.<\/p>\n\n\n\n<p>&nbsp;&nbsp; Vender m\u00e1s, producir m\u00e1s, contratar m\u00e1s. Cuando esto se produce de manera homog\u00e9nea en la sociedad, es cuando se alinean ingresos y precios, cuando se fomentan l\u00edmites a la concentraci\u00f3n econ\u00f3mica, cuando se reactiva la rueda virtuosa, as\u00ed ganamos todos y todas.<\/p>\n\n\n\n<p>&nbsp;&nbsp; El trabajo es el ordenador principal para desarrollarse plenamente en la vida.<\/p>\n\n\n\n<p>&nbsp;&nbsp; La intenci\u00f3n de Horacio Rodr\u00edguez Larreta, Mar\u00eda Eugenia Vidal \u00aband Company\u00bb, de eliminar la protecci\u00f3n contra el despido arbitrario cambiando el sistema indemnizatorio argentino, adem\u00e1s de ser non sancta e inconstitucional (art. 14 bis C.N.), nunca funcion\u00f3 en la historia, ya en 1996 Carlos Menem hab\u00eda presentado id\u00e9ntico proyecto de Fondo de Cese Laboral.<\/p>\n\n\n\n<p>&nbsp;&nbsp; Cabe la pregunta: \u00bflos a\u00f1os noventa terminaron con m\u00e1s o menos empleo? .<\/p>\n\n\n\n<p>&nbsp;&nbsp; Agregando a todo esto que un pilar fundamental del orden p\u00fablico laboral radica en la permanencia en el empleo, que el sistema indemnizatorio que lo garantiza permite el goce pleno del resto de los derechos, puesto que solo sabiendo que \u00abma\u00f1ana no te van a despedir\u00bb pod\u00e9s hacer uso de la jornada limitada, las vacaciones, las licencias, etc. Imag\u00ednate c\u00f3mo cambiar\u00eda todo si vivieras con el miedo a ser despedido o despedida.<\/p>\n\n\n\n<p>&nbsp;&nbsp; Por eso es macana que quitar derechos generan empleo, no s\u00f3lo porque cada vez que se flexibilizaron leyes tambi\u00e9n se lo destruy\u00f3, sino porque es el modelo econ\u00f3mico, productivo, industrial, de valor agregado con un Estado presente, lo que genera m\u00e1s trabajo. Y se empieza por el poder adquisitivo del salario.<\/p>\n\n\n\n<p>&nbsp;&nbsp; Pero adem\u00e1s de ser generador de riqueza, el trabajo es cultura, es a\u00f1oranza, es capacidad para so\u00f1ar y poder cumplir esos sue\u00f1os.<\/p>\n\n\n\n<p>&nbsp;&nbsp;Tenemos que terminar de una vez por todas, argentinos y argentinas de bien, de considerar al trabajo como un costo, deshumanizando su funci\u00f3n social y delimitando a conceptos utilitaristas las relaciones sociales.<br>&nbsp;&nbsp; .<br>&nbsp;&nbsp; El punto de partida.<\/p>\n\n\n\n<p>&nbsp;&nbsp; El gobierno de Juntos por el Cambio, con Mauricio Macri, gener\u00f3 una brutal p\u00e9rdida del salario real en el sector privado registrado, alcanzando el 20%.<\/p>\n\n\n\n<p>&nbsp;&nbsp; Instal\u00f3 la necesidad de discutir paritarias de manera permanente, m\u00e1s de tres veces al a\u00f1o.<\/p>\n\n\n\n<p>&nbsp;&nbsp; Figuras como \u00abcl\u00e1usula gatillo\u00bb se instalaron en el l\u00e9xico sindical (volver a discutir paritarias una vez al a\u00f1o y qu\u00e9 alcance, debe ser un objetivo a cumplir).<\/p>\n\n\n\n<p>&nbsp;&nbsp; Todo debido a los constantes ajustes econ\u00f3micos generados a lo largo de 4 a\u00f1os en detrimento de las y los trabajadores argentinos que derivaron en el monumental endeudamiento y crisis econ\u00f3mica.<br>&nbsp;&nbsp; .<br>&nbsp;&nbsp; Empezando por abajo y un problema planetario.<br>&nbsp;&nbsp; .<br>&nbsp;&nbsp; Para revertir esta situaci\u00f3n, entre otras medidas, a partir del decreto 14\/2020 el presidente Alberto Fern\u00e1ndez, as\u00ed como tambi\u00e9n hab\u00eda hecho N\u00e9stor Kirchner en 2004, decidi\u00f3 otorgar aumento salarial por decreto para recuperar el poder adquisitivo del salario.<\/p>\n\n\n\n<p>&nbsp;&nbsp; De manera complementaria, otorg\u00f3 bonos para jubilados y jubiladas, AUH y empleo p\u00fablico, ello junto al congelamiento de tarifas.<\/p>\n\n\n\n<p>&nbsp;&nbsp; Luego de eso la pandemia, que afect\u00f3 y sigue afectando al mundo entero.<\/p>\n\n\n\n<p>&nbsp;&nbsp; En ese contexto, en nuestro pa\u00eds como en el resto de los pa\u00edses atravesamos una primera ola y una segunda ola de contagios masivos que tuvo lugar durante este a\u00f1o.<\/p>\n\n\n\n<p>&nbsp;&nbsp; Un problema planetario, y dolores de la misma magnitud en todos los aspectos de la vida.<\/p>\n\n\n\n<p>&nbsp;&nbsp; A ra\u00edz de la crisis por la pandemia, el Estado Nacional y la provincia de Buenos Aires trataron de generar la mayor certidumbre, ganar el mayor tiempo posible, a los fines de garantizar derechos: .<\/p>\n\n\n\n<p>&nbsp;&nbsp; 1) Acceso a la salud: terminando hospitales, construyendo hospitales modulares en todo el pa\u00eds, proveyendo insumos y trayendo vacunas sostenidamente gracias al plan de vacunaci\u00f3n federal m\u00e1s grande de nuestra historia.<\/p>\n\n\n\n<p>&nbsp;&nbsp; 2) El sostenimiento de las fuentes de trabajo con la asistencia v\u00eda REPRO, ATP y el Programa Preservar Trabajo, pagando parte del salario de las trabajadoras y trabajadores del sector privado.<\/p>\n\n\n\n<p>&nbsp;&nbsp;Podemos decir que a ning\u00fan argentino ni argentina le falt\u00f3 una cama y que a diferencia de otros pa\u00edses de la regi\u00f3n la desocupaci\u00f3n no se multiplic\u00f3.<\/p>\n\n\n\n<p>&nbsp;&nbsp; \u00bfEsto fue suficiente? Claramente no.<\/p>\n\n\n\n<p>&nbsp;&nbsp; La salida de la pandemia es tambi\u00e9n \u00abun volver\u00bb a estas medidas de comienzo de 2020, pasito a pasito.<\/p>\n\n\n\n<p>&nbsp;&nbsp; Nuestro Frente de Todos posee la consistente unidad del campo popular, no solo como variable de fortaleza, sino como camino de esperanza, con vocaci\u00f3n de trabajo infatigable y con coherencia hist\u00f3rica.<\/p>\n\n\n\n<p>&nbsp;&nbsp; Hacia all\u00ed nos dirigimos, hasta alcanzar la igualdad y felicidad de nuestro Pueblo.<\/p>\n\n\n\n<p>&nbsp;&nbsp; (*) &#8211; Diputada nacional y candidata a diputada nacional por el Frente de Todos en la provincia de Buenos Aires.<\/p>\n","protected":false},"excerpt":{"rendered":"<p>&nbsp;En diciembre de 2020, en un encuentro del Frente de Todos en La Plata, junto a nuestro Presidente Alberto Fern\u00e1ndez, M\u00e1ximo Kirchner, Sergio Massa y Axel Kicillof, la vicepresidenta de la Naci\u00f3n, Cristina Kirchner defini\u00f3 prioridades cuando formul\u00f3 la premisa que deb\u00edan alinearse salarios y jubilaciones con los precios de los alimentos y las tarifas. [&hellip;]<\/p>\n","protected":false},"author":2,"featured_media":6899,"comment_status":"open","ping_status":"open","sticky":false,"template":"","format":"standard","meta":{"footnotes":""},"categories":[46],"tags":[48],"class_list":["post-7555","post","type-post","status-publish","format-standard","has-post-thumbnail","hentry","category-gremial","tag-destacada"],"_links":{"self":[{"href":"https:\/\/infoactual.com.ar\/index.php\/wp-json\/wp\/v2\/posts\/7555","targetHints":{"allow":["GET"]}}],"collection":[{"href":"https:\/\/infoactual.com.ar\/index.php\/wp-json\/wp\/v2\/posts"}],"about":[{"href":"https:\/\/infoactual.com.ar\/index.php\/wp-json\/wp\/v2\/types\/post"}],"author":[{"embeddable":true,"href":"https:\/\/infoactual.com.ar\/index.php\/wp-json\/wp\/v2\/users\/2"}],"replies":[{"embeddable":true,"href":"https:\/\/infoactual.com.ar\/index.php\/wp-json\/wp\/v2\/comments?post=7555"}],"version-history":[{"count":1,"href":"https:\/\/infoactual.com.ar\/index.php\/wp-json\/wp\/v2\/posts\/7555\/revisions"}],"predecessor-version":[{"id":7556,"href":"https:\/\/infoactual.com.ar\/index.php\/wp-json\/wp\/v2\/posts\/7555\/revisions\/7556"}],"wp:featuredmedia":[{"embeddable":true,"href":"https:\/\/infoactual.com.ar\/index.php\/wp-json\/wp\/v2\/media\/6899"}],"wp:attachment":[{"href":"https:\/\/infoactual.com.ar\/index.php\/wp-json\/wp\/v2\/media?parent=7555"}],"wp:term":[{"taxonomy":"category","embeddable":true,"href":"https:\/\/infoactual.com.ar\/index.php\/wp-json\/wp\/v2\/categories?post=7555"},{"taxonomy":"post_tag","embeddable":true,"href":"https:\/\/infoactual.com.ar\/index.php\/wp-json\/wp\/v2\/tags?post=7555"}],"curies":[{"name":"wp","href":"https:\/\/api.w.org\/{rel}","templated":true}]}}