{"id":756,"date":"2021-04-06T15:30:39","date_gmt":"2021-04-06T15:30:39","guid":{"rendered":"http:\/\/infoactual.com.ar\/?p=756"},"modified":"2021-04-06T15:30:41","modified_gmt":"2021-04-06T15:30:41","slug":"fallecio-el-artista-plastico-ernesto-bertani-alberto-fernandez-y-cristina-kirchner-destacaron-su-obra","status":"publish","type":"post","link":"https:\/\/infoactual.com.ar\/index.php\/2021\/04\/06\/fallecio-el-artista-plastico-ernesto-bertani-alberto-fernandez-y-cristina-kirchner-destacaron-su-obra\/","title":{"rendered":"FALLECI\u00d3 EL ARTISTA PL\u00c1STICO ERNESTO BERTANI: ALBERTO FERN\u00c1NDEZ Y CRISTINA KIRCHNER DESTACARON SU OBRA"},"content":{"rendered":"\n<p><strong>El artista pl\u00e1stico Ernesto Bertani, conocido como el \u00abIlusionista de Ituzaing\u00f3\u00bb, falleci\u00f3 el domingo pasado a los 72 a\u00f1os y tanto el presidente Alberto Fern\u00e1ndez como la vicepresidenta, Cristina Kirchner, lamentaron la noticia y destacaron su obra.<\/strong><\/p>\n\n\n\n<p>&nbsp; &nbsp;Bertani, nacido el 3 de febrero de 1949 en el barrio porte\u00f1o de Villa Devoto, hab\u00eda sido internado hace dos meses tras sufrir un accidente cerebrovascular.<\/p>\n\n\n\n<p>&nbsp;&nbsp; Sus obras, con extraordinarias met\u00e1foras visuales, forman parte de la colecci\u00f3n del Museo S\u00edvori y del Palais de Glace, as\u00ed como tambi\u00e9n de colecciones privadas de pol\u00edticos, periodistas y escritores de Argentina y del mundo.<\/p>\n\n\n\n<p>&nbsp;&nbsp; Una de las personas que posee obras de Bertani es la titular del Senado, quien se expres\u00f3 a trav\u00e9s de Twitter luego de enterarse del fallecimiento del artista.<\/p>\n\n\n\n<p>&nbsp;&nbsp; \u00abAnte el fallecimiento del reconocido artista pl\u00e1stico Ernesto Bertani, quiero expresar mis condolencias a su esposa, a su familia y amigos\u00bb, escribi\u00f3 la ex mandataria.<\/p>\n\n\n\n<p>&nbsp;&nbsp; Tambi\u00e9n se refiri\u00f3 al deceso el jefe de Estado, quien manifest\u00f3: \u00abCon enorme pesar supe del fallecimiento de Ernesto Bertani, un hombre que despleg\u00f3 su arte con el uso de su aer\u00f3grafo sobre lienzos, tapices o casimires. Sus obras siempre fueron y seguir\u00e1n siendo objeto de mi admiraci\u00f3n. Mis sinceras condolencias a quienes hoy ya lo extra\u00f1an\u00bb.<\/p>\n","protected":false},"excerpt":{"rendered":"<p>El artista pl\u00e1stico Ernesto Bertani, conocido como el \u00abIlusionista de Ituzaing\u00f3\u00bb, falleci\u00f3 el domingo pasado a los 72 a\u00f1os y tanto el presidente Alberto Fern\u00e1ndez como la vicepresidenta, Cristina Kirchner, lamentaron la noticia y destacaron su obra. &nbsp; &nbsp;Bertani, nacido el 3 de febrero de 1949 en el barrio porte\u00f1o de Villa Devoto, hab\u00eda sido [&hellip;]<\/p>\n","protected":false},"author":2,"featured_media":757,"comment_status":"open","ping_status":"open","sticky":false,"template":"","format":"standard","meta":{"footnotes":""},"categories":[45],"tags":[],"class_list":["post-756","post","type-post","status-publish","format-standard","has-post-thumbnail","hentry","category-sociedad"],"_links":{"self":[{"href":"https:\/\/infoactual.com.ar\/index.php\/wp-json\/wp\/v2\/posts\/756","targetHints":{"allow":["GET"]}}],"collection":[{"href":"https:\/\/infoactual.com.ar\/index.php\/wp-json\/wp\/v2\/posts"}],"about":[{"href":"https:\/\/infoactual.com.ar\/index.php\/wp-json\/wp\/v2\/types\/post"}],"author":[{"embeddable":true,"href":"https:\/\/infoactual.com.ar\/index.php\/wp-json\/wp\/v2\/users\/2"}],"replies":[{"embeddable":true,"href":"https:\/\/infoactual.com.ar\/index.php\/wp-json\/wp\/v2\/comments?post=756"}],"version-history":[{"count":1,"href":"https:\/\/infoactual.com.ar\/index.php\/wp-json\/wp\/v2\/posts\/756\/revisions"}],"predecessor-version":[{"id":758,"href":"https:\/\/infoactual.com.ar\/index.php\/wp-json\/wp\/v2\/posts\/756\/revisions\/758"}],"wp:featuredmedia":[{"embeddable":true,"href":"https:\/\/infoactual.com.ar\/index.php\/wp-json\/wp\/v2\/media\/757"}],"wp:attachment":[{"href":"https:\/\/infoactual.com.ar\/index.php\/wp-json\/wp\/v2\/media?parent=756"}],"wp:term":[{"taxonomy":"category","embeddable":true,"href":"https:\/\/infoactual.com.ar\/index.php\/wp-json\/wp\/v2\/categories?post=756"},{"taxonomy":"post_tag","embeddable":true,"href":"https:\/\/infoactual.com.ar\/index.php\/wp-json\/wp\/v2\/tags?post=756"}],"curies":[{"name":"wp","href":"https:\/\/api.w.org\/{rel}","templated":true}]}}