{"id":7606,"date":"2021-10-11T13:57:20","date_gmt":"2021-10-11T16:57:20","guid":{"rendered":"http:\/\/infoactual.com.ar\/?p=7606"},"modified":"2021-10-11T13:57:21","modified_gmt":"2021-10-11T16:57:21","slug":"destacan-el-rol-del-estado-en-el-mercado-de-la-vivienda","status":"publish","type":"post","link":"https:\/\/infoactual.com.ar\/index.php\/2021\/10\/11\/destacan-el-rol-del-estado-en-el-mercado-de-la-vivienda\/","title":{"rendered":"DESTACAN EL ROL DEL ESTADO EN EL MERCADO DE LA VIVIENDA"},"content":{"rendered":"\n<p><strong>El secretario de Desarrollo Territorial, Luciano Scatolini, destac\u00f3 el valor del rol del Estado en el mercado de la vivienda y la planificaci\u00f3n urbana, tanto por el Plan Nacional del Suelo como por la agenda urbana, en el marco de un encuentro regional sobre pol\u00edticas p\u00fablicas de desarrollo territorial.<\/strong><\/p>\n\n\n\n<p>El Ministerio a cargo de Jorge Ferraresi encar\u00f3 \u00abpor primera vez un Plan Nacional de Suelo que cumple con los principales objetivos de la agenda urbana\u00bb y que \u00abpermite la generaci\u00f3n de lotes con servicios desde el Estado, cuando antes era una cuesti\u00f3n exclusivamente regulada por el mercado inmobiliario\u00bb, subray\u00f3 Scatolini.<\/p>\n\n\n\n<p>En su presentaci\u00f3n en el II Encuentro de Pol\u00edticas Urbanas Nacionales Espa\u00f1a-Am\u00e9rica Latina y El Caribe, remarc\u00f3 la \u201cnueva institucionalidad\u00bb que se alcanz\u00f3 en Argentina con la creaci\u00f3n de esta cartera ministerial.<\/p>\n\n\n\n<p>Subray\u00f3 que el \u00abprograma que nos permite desarrollar conjuntamente con todas las provincias argentinas, leyes provinciales para que nuestro pa\u00eds pueda definitivamente pensarse y planificarse para los pr\u00f3ximos 50 y 100 a\u00f1os y no para la inmediatez\u201d.<\/p>\n\n\n\n<p>Tambi\u00e9n remarc\u00f3 el objetivo de ejecutar 264.000 soluciones habitacionales con fondos p\u00fablicos durante el trienio 2021-2023, y subray\u00f3 que uno de los principales desaf\u00edos es \u00abvolver a recuperar el cr\u00e9dito hipotecario en la Argentina\u00bb.<\/p>\n\n\n\n<p>\u00abNo hay una pol\u00edtica en materia de desarrollo territorial que pueda estar desvinculada de esto porque sabemos que al Estado se lo debe complementar con la inversi\u00f3n privada\u00bb, agreg\u00f3 Scatolini.<\/p>\n\n\n\n<p>Asegur\u00f3 que desde la gesti\u00f3n \u00abhemos logrado estructurar un nuevo mecanismo para tener previsibilidad a largo plazo y estamos volviendo a tener cr\u00e9ditos financiados a partir de aportes nacionales a trav\u00e9s del Programa Procrear\u201d.<\/p>\n\n\n\n<p>\u201cTodo esto lo hacemos en un contexto en el cual la agenda urbana est\u00e1 atravesada por la cuesti\u00f3n del ambiente sostenible en el territorio, la necesidad de que est\u00e9 en l\u00ednea con una pol\u00edtica socialmente incluyente y finalmente por la pandemia, donde tenemos que pensar en un desarrollo econ\u00f3mico a partir de la generaci\u00f3n de empleo\u201d, agreg\u00f3 el funcionario.<\/p>\n","protected":false},"excerpt":{"rendered":"<p>El secretario de Desarrollo Territorial, Luciano Scatolini, destac\u00f3 el valor del rol del Estado en el mercado de la vivienda y la planificaci\u00f3n urbana, tanto por el Plan Nacional del Suelo como por la agenda urbana, en el marco de un encuentro regional sobre pol\u00edticas p\u00fablicas de desarrollo territorial. El Ministerio a cargo de Jorge [&hellip;]<\/p>\n","protected":false},"author":2,"featured_media":7607,"comment_status":"open","ping_status":"open","sticky":false,"template":"","format":"standard","meta":{"footnotes":""},"categories":[44],"tags":[],"class_list":["post-7606","post","type-post","status-publish","format-standard","has-post-thumbnail","hentry","category-economia"],"_links":{"self":[{"href":"https:\/\/infoactual.com.ar\/index.php\/wp-json\/wp\/v2\/posts\/7606","targetHints":{"allow":["GET"]}}],"collection":[{"href":"https:\/\/infoactual.com.ar\/index.php\/wp-json\/wp\/v2\/posts"}],"about":[{"href":"https:\/\/infoactual.com.ar\/index.php\/wp-json\/wp\/v2\/types\/post"}],"author":[{"embeddable":true,"href":"https:\/\/infoactual.com.ar\/index.php\/wp-json\/wp\/v2\/users\/2"}],"replies":[{"embeddable":true,"href":"https:\/\/infoactual.com.ar\/index.php\/wp-json\/wp\/v2\/comments?post=7606"}],"version-history":[{"count":1,"href":"https:\/\/infoactual.com.ar\/index.php\/wp-json\/wp\/v2\/posts\/7606\/revisions"}],"predecessor-version":[{"id":7608,"href":"https:\/\/infoactual.com.ar\/index.php\/wp-json\/wp\/v2\/posts\/7606\/revisions\/7608"}],"wp:featuredmedia":[{"embeddable":true,"href":"https:\/\/infoactual.com.ar\/index.php\/wp-json\/wp\/v2\/media\/7607"}],"wp:attachment":[{"href":"https:\/\/infoactual.com.ar\/index.php\/wp-json\/wp\/v2\/media?parent=7606"}],"wp:term":[{"taxonomy":"category","embeddable":true,"href":"https:\/\/infoactual.com.ar\/index.php\/wp-json\/wp\/v2\/categories?post=7606"},{"taxonomy":"post_tag","embeddable":true,"href":"https:\/\/infoactual.com.ar\/index.php\/wp-json\/wp\/v2\/tags?post=7606"}],"curies":[{"name":"wp","href":"https:\/\/api.w.org\/{rel}","templated":true}]}}