{"id":7621,"date":"2021-10-11T21:02:26","date_gmt":"2021-10-12T00:02:26","guid":{"rendered":"http:\/\/infoactual.com.ar\/?p=7621"},"modified":"2021-10-11T21:02:27","modified_gmt":"2021-10-12T00:02:27","slug":"la-camara-de-turismo-destaco-la-financiacion-de-los-viajes-de-egresados","status":"publish","type":"post","link":"https:\/\/infoactual.com.ar\/index.php\/2021\/10\/11\/la-camara-de-turismo-destaco-la-financiacion-de-los-viajes-de-egresados\/","title":{"rendered":"LA C\u00c1MARA DE TURISMO DESTAC\u00d3 LA FINANCIACI\u00d3N DE LOS VIAJES DE EGRESADOS"},"content":{"rendered":"\n<p>El vicepresidente de la entidad, Aldo El\u00edas, dijo que \u201ctoda acci\u00f3n para promover el turismo termina repercutiendo muy favorablemente en la econom\u00eda regional de ese destino\u201d.<\/p>\n\n\n\n<p>El vicepresidente de la C\u00e1mara Argentina de Turismo, Aldo El\u00edas, asegur\u00f3 que \u201chemos tenido un fin de semana incre\u00edble con m\u00e1s de 4 millones 200 mil turistas recorriendo el pa\u00eds\u201d, con 23 de las 24 provincias con una ocupaci\u00f3n superior al 85%. El empresario sostuvo que \u201cse trata del fin de semana m\u00e1s exitoso de los \u00faltimos 10 a\u00f1os y lleg\u00f3 de la mano del avanzado proceso de vacunaci\u00f3n y de la eliminaci\u00f3n de las restricciones en el sector, ya que solamente queda la apertura de las fronteras el arribo de turistas desde el exterior que se va a dar a partir del 1 de noviembre\u201d.<\/p>\n\n\n\n<p>En declaraciones a&nbsp;Ma\u00f1ana es Mejor&nbsp;por&nbsp;Radio Provincia, afirm\u00f3 que \u201cla tranquilidad de saber que hay un gran porcentaje de argentinos vacunados, el exitoso momento que estamos atravesando con la baja de contagios y fallecidos, van sumando para que el turismo se pueda ir desarrollando y demostrando la capacidad que tiene como actividad econ\u00f3mica\u201d.<\/p>\n\n\n\n<p>El\u00edas reconoci\u00f3 que vienen de \u201cun escenario complejo\u201d porque la actividad estuvo prohibida o tuvieron muchas restricciones para cuidar la salud pero resalt\u00f3 que \u201ctenemos muchas expectativas puestas en la temporada alta\u00bb debido a que, adem\u00e1s \u00abvamos a tener habilitada la llegada de turistas desde el exterior\u201d. En tal aspecto, indic\u00f3 que \u201cse est\u00e1 trabajando para que vuelva a haber conectividad para la llegada del turismo en vol\u00famenes importantes\u201d.<\/p>\n\n\n\n<p>El vicepresidente de la C\u00e1mara de Turismo dijo que \u201cel Programa Previaje es la mejor herramienta que tuvimos en la historia de este pa\u00eds para la actividad. Tuvo la virtud de favorecer a todos: a los argentinos que viajan y obtienen una devoluci\u00f3n del 50 por ciento de lo que consumen, a las empresas del sector que necesitaba una herramienta para impulsar las ventas y al Estado -porque en un pa\u00eds que tiene un 40 por ciento de la econom\u00eda informal- este programa se asienta en la formalidad\u201d.<\/p>\n\n\n\n<p>Por \u00faltimo, defendi\u00f3 la financiaci\u00f3n por parte de la administraci\u00f3n de Axel Kicillof de viajes de egresados. El\u00edas indic\u00f3 que desde la C\u00e1mara trabajan con el gobierno nacional y con los gobiernos provinciales \u201cpara apuntar la vuelta de los diferentes rubros que estuvieron relegados, como los viajes de egresados, y vamos viendo cu\u00e1l es mejor herramienta, buscando hacer entender que toda acci\u00f3n que pueda promover el turismo, termina repercutiendo muy favorablemente en la econom\u00eda regional de ese destino\u201d.<\/p>\n","protected":false},"excerpt":{"rendered":"<p>El vicepresidente de la entidad, Aldo El\u00edas, dijo que \u201ctoda acci\u00f3n para promover el turismo termina repercutiendo muy favorablemente en la econom\u00eda regional de ese destino\u201d. El vicepresidente de la C\u00e1mara Argentina de Turismo, Aldo El\u00edas, asegur\u00f3 que \u201chemos tenido un fin de semana incre\u00edble con m\u00e1s de 4 millones 200 mil turistas recorriendo el [&hellip;]<\/p>\n","protected":false},"author":3,"featured_media":7622,"comment_status":"open","ping_status":"open","sticky":false,"template":"","format":"standard","meta":{"footnotes":""},"categories":[45],"tags":[],"class_list":["post-7621","post","type-post","status-publish","format-standard","has-post-thumbnail","hentry","category-sociedad"],"_links":{"self":[{"href":"https:\/\/infoactual.com.ar\/index.php\/wp-json\/wp\/v2\/posts\/7621","targetHints":{"allow":["GET"]}}],"collection":[{"href":"https:\/\/infoactual.com.ar\/index.php\/wp-json\/wp\/v2\/posts"}],"about":[{"href":"https:\/\/infoactual.com.ar\/index.php\/wp-json\/wp\/v2\/types\/post"}],"author":[{"embeddable":true,"href":"https:\/\/infoactual.com.ar\/index.php\/wp-json\/wp\/v2\/users\/3"}],"replies":[{"embeddable":true,"href":"https:\/\/infoactual.com.ar\/index.php\/wp-json\/wp\/v2\/comments?post=7621"}],"version-history":[{"count":1,"href":"https:\/\/infoactual.com.ar\/index.php\/wp-json\/wp\/v2\/posts\/7621\/revisions"}],"predecessor-version":[{"id":7623,"href":"https:\/\/infoactual.com.ar\/index.php\/wp-json\/wp\/v2\/posts\/7621\/revisions\/7623"}],"wp:featuredmedia":[{"embeddable":true,"href":"https:\/\/infoactual.com.ar\/index.php\/wp-json\/wp\/v2\/media\/7622"}],"wp:attachment":[{"href":"https:\/\/infoactual.com.ar\/index.php\/wp-json\/wp\/v2\/media?parent=7621"}],"wp:term":[{"taxonomy":"category","embeddable":true,"href":"https:\/\/infoactual.com.ar\/index.php\/wp-json\/wp\/v2\/categories?post=7621"},{"taxonomy":"post_tag","embeddable":true,"href":"https:\/\/infoactual.com.ar\/index.php\/wp-json\/wp\/v2\/tags?post=7621"}],"curies":[{"name":"wp","href":"https:\/\/api.w.org\/{rel}","templated":true}]}}