{"id":7696,"date":"2021-10-13T12:24:50","date_gmt":"2021-10-13T15:24:50","guid":{"rendered":"http:\/\/infoactual.com.ar\/?p=7696"},"modified":"2021-10-13T12:24:52","modified_gmt":"2021-10-13T15:24:52","slug":"rodriguez-saa-pide-ampliar-la-corte-suprema-de-justicia-y-solicito-que-se-trate-en-el-senado","status":"publish","type":"post","link":"https:\/\/infoactual.com.ar\/index.php\/2021\/10\/13\/rodriguez-saa-pide-ampliar-la-corte-suprema-de-justicia-y-solicito-que-se-trate-en-el-senado\/","title":{"rendered":"RODR\u00cdGUEZ SA\u00c1 PIDE AMPLIAR LA CORTE SUPREMA DE JUSTICIA Y SOLICIT\u00d3 QUE SE TRATE EN EL SENADO"},"content":{"rendered":"\n<p><strong>El senador del Frente de Todos por San Luis Adolfo Rodr\u00edguez Sa\u00e1 solicit\u00f3 formalmente que la C\u00e1mara alta empiece a tratar un proyecto de su autor\u00eda que propone llevar de cinco a nueve el n\u00famero de integrantes de la Corte Suprema de Justicia.<\/strong><\/p>\n\n\n\n<p>&nbsp; &nbsp;Luego de la vacante que se abri\u00f3 en el m\u00e1ximo tribunal por la renuncia de Elena Highton, que se har\u00e1 efectiva el 1 de noviembre, Rodr\u00edguez Sa\u00e1 envi\u00f3 una nota a las comisiones de Asuntos Constitucionales y de Justicia y Asuntos Penales en la que pidi\u00f3 el tratamiento del proyecto que present\u00f3 el a\u00f1o pasado.<\/p>\n\n\n\n<p>&nbsp;&nbsp; En la nota fechada el 7 de octubre y dirigida a la presidenta de Asuntos Constitucionales, Mar\u00eda de los \u00c1ngeles Sacnun, y a su par de Justicia, Oscar Parrilli, el senador puntano solicit\u00f3 que el tema se trate en la pr\u00f3xima reuni\u00f3n que se convoque y, en caso de no tener respuesta, lo pedir\u00e1 a viva voz en la primera sesi\u00f3n que se realice, seg\u00fan supo NA.<\/p>\n\n\n\n<p>&nbsp;&nbsp; La iniciativa propone llevar la cantidad de integrantes de la Corte Suprema de cinco a nueve con el fin de \u00abreflejar en su integraci\u00f3n las diversidades de g\u00e9nero, especialidad y procedencia regional en el marco del ideal de representaci\u00f3n de un pa\u00eds federal\u00bb.<\/p>\n\n\n\n<p>&nbsp;&nbsp; Sobre el primer punto, el proyecto se\u00f1ala que \u00aba efectos de asegurar la diversidad de g\u00e9nero\u00bb el m\u00e1ximo tribunal \u00abno podr\u00e1 integrarse por m\u00e1s de cinco cinco jueces del mismo g\u00e9nero\u00bb.<\/p>\n\n\n\n<p>&nbsp;&nbsp; Respecto de la \u00abdiversidad de especialidades\u00bb, la iniciativa explica que la composici\u00f3n de la Corte deber\u00e1 incluir representantes de del derecho \u00abcivil, comercial, penal, trabajo, seguridad social, constitucional, contencioso administrativo y cualquier otra rama del derecho p\u00fablico y\/o privado\u00bb.<\/p>\n\n\n\n<p>&nbsp;&nbsp; Adem\u00e1s, los jueces deber\u00e1n representar a las distintas regiones del pa\u00eds, por lo que la Corte estar\u00e1 compuesta por integrantes de \u00abla regi\u00f3n Patag\u00f3nica, la regi\u00f3n Cuyo, la regi\u00f3n Centro, la regi\u00f3n Norte Grande Argentino y la regi\u00f3n Buenos Aires\u00bb.<\/p>\n\n\n\n<p>&nbsp;&nbsp; La idea de ampliar la Corte Suprema no es nueva y Rodr\u00edguez Sa\u00e1 ya lo hab\u00eda planteado en oportunidades anteriores al igual que otros dirigentes de larga trayectoria como su ex colega del Senado Miguel Pichetto, actualmente en Juntos por el Cambio.<\/p>\n\n\n\n<p>&nbsp;&nbsp; Se trata de un tema que se conversa desde hace varios a\u00f1os entre dirigentes de los principales partidos pol\u00edticos pero siempre de forma reservada por la dificultad que supone un acuerdo en ese sentido y la sensibilidad del tema.<\/p>\n\n\n\n<p>&nbsp;&nbsp; De hecho, a principios de este a\u00f1o hab\u00edan vuelto a circular versiones sobre una charla entre el peronismo, el radicalismo y el PRO, pero el tema nunca avanz\u00f3.<\/p>\n","protected":false},"excerpt":{"rendered":"<p>El senador del Frente de Todos por San Luis Adolfo Rodr\u00edguez Sa\u00e1 solicit\u00f3 formalmente que la C\u00e1mara alta empiece a tratar un proyecto de su autor\u00eda que propone llevar de cinco a nueve el n\u00famero de integrantes de la Corte Suprema de Justicia. &nbsp; &nbsp;Luego de la vacante que se abri\u00f3 en el m\u00e1ximo tribunal [&hellip;]<\/p>\n","protected":false},"author":2,"featured_media":7697,"comment_status":"open","ping_status":"open","sticky":false,"template":"","format":"standard","meta":{"footnotes":""},"categories":[43],"tags":[48],"class_list":["post-7696","post","type-post","status-publish","format-standard","has-post-thumbnail","hentry","category-politica","tag-destacada"],"_links":{"self":[{"href":"https:\/\/infoactual.com.ar\/index.php\/wp-json\/wp\/v2\/posts\/7696","targetHints":{"allow":["GET"]}}],"collection":[{"href":"https:\/\/infoactual.com.ar\/index.php\/wp-json\/wp\/v2\/posts"}],"about":[{"href":"https:\/\/infoactual.com.ar\/index.php\/wp-json\/wp\/v2\/types\/post"}],"author":[{"embeddable":true,"href":"https:\/\/infoactual.com.ar\/index.php\/wp-json\/wp\/v2\/users\/2"}],"replies":[{"embeddable":true,"href":"https:\/\/infoactual.com.ar\/index.php\/wp-json\/wp\/v2\/comments?post=7696"}],"version-history":[{"count":1,"href":"https:\/\/infoactual.com.ar\/index.php\/wp-json\/wp\/v2\/posts\/7696\/revisions"}],"predecessor-version":[{"id":7698,"href":"https:\/\/infoactual.com.ar\/index.php\/wp-json\/wp\/v2\/posts\/7696\/revisions\/7698"}],"wp:featuredmedia":[{"embeddable":true,"href":"https:\/\/infoactual.com.ar\/index.php\/wp-json\/wp\/v2\/media\/7697"}],"wp:attachment":[{"href":"https:\/\/infoactual.com.ar\/index.php\/wp-json\/wp\/v2\/media?parent=7696"}],"wp:term":[{"taxonomy":"category","embeddable":true,"href":"https:\/\/infoactual.com.ar\/index.php\/wp-json\/wp\/v2\/categories?post=7696"},{"taxonomy":"post_tag","embeddable":true,"href":"https:\/\/infoactual.com.ar\/index.php\/wp-json\/wp\/v2\/tags?post=7696"}],"curies":[{"name":"wp","href":"https:\/\/api.w.org\/{rel}","templated":true}]}}