{"id":7702,"date":"2021-10-13T12:33:39","date_gmt":"2021-10-13T15:33:39","guid":{"rendered":"http:\/\/infoactual.com.ar\/?p=7702"},"modified":"2021-10-13T12:33:42","modified_gmt":"2021-10-13T15:33:42","slug":"los-ceos-argentinos-recuperaron-la-confianza-y-proyectan-volver-a-crecer-en-los-proximos-tres-anos","status":"publish","type":"post","link":"https:\/\/infoactual.com.ar\/index.php\/2021\/10\/13\/los-ceos-argentinos-recuperaron-la-confianza-y-proyectan-volver-a-crecer-en-los-proximos-tres-anos\/","title":{"rendered":"LOS CEO&#8217;S ARGENTINOS RECUPERARON LA CONFIANZA Y PROYECTAN VOLVER A CRECER EN LOS PR\u00d3XIMOS TRES A\u00d1OS"},"content":{"rendered":"\n<p><strong>La encuesta mundial \u00abCEO Outlook 2021 &#8211; Cap\u00edtulo Argentina\u00bb de la consultora KPMG refleja que los CEOs argentinos han recuperado la confianza y las perspectivas de crecimiento a niveles pre pandemia.<\/strong><\/p>\n\n\n\n<p>&nbsp; &nbsp;El 94% de los 50 CEOs locales consultados para el relevamiento tiene confianza en las perspectivas de crecimiento del pa\u00eds. El 98% sobre el crecimiento de su industria y el 92% sobre el de su compa\u00f1\u00eda.<\/p>\n\n\n\n<p>&nbsp;&nbsp; Sin embargo no prev\u00e9n un desarrollo exponencial, ya que el 74% de los dirigentes empresarios considera que el crecimiento de sus ingresos no superar\u00e1 el 5% por a\u00f1o.<\/p>\n\n\n\n<p>&nbsp;&nbsp; Para N\u00e9stor Garc\u00eda, presidente y CEO de KPMG en el pa\u00eds: \u00abLa recuperaci\u00f3n econ\u00f3mica argentina depender\u00e1 de varios factores micro y macro econ\u00f3micos, siendo central bajar la inflaci\u00f3n. Es importante prepararse ahora para ser competitivos en la nueva econom\u00eda digital que est\u00e1 cambiando estructuras, sistemas, comportamientos econ\u00f3micos, comerciales, sociales y pol\u00edticos\u00bb.<\/p>\n\n\n\n<p>&nbsp;&nbsp; El informe revela que a pesar de la pandemia y sus consecuencias, el 56% de los l\u00edderes empresarios reportaron un aumento en sus ingresos durante el \u00faltimo a\u00f1o fiscal.<\/p>\n\n\n\n<p>&nbsp;&nbsp; Mientras que un 30% declar\u00f3 que se redujeron, lo que implica un incremento del 24% en los CEOs que se\u00f1alaron una p\u00e9rdida con respecto al 2020.<\/p>\n\n\n\n<p>&nbsp;&nbsp; Los ejecutivos encuestados indicaron que las estrategias claves para alcanzar los objetivos de crecimiento de sus compa\u00f1\u00edas para los pr\u00f3ximos tres a\u00f1os son mayoritariamente las alianzas estrat\u00e9gicas con terceros, el crecimiento org\u00e1nico y las fusiones y adquisiciones.<\/p>\n\n\n\n<p>&nbsp;&nbsp; En tanto que la prioridad operativa que acompa\u00f1e esas elecciones ejecutivas ser\u00e1 avanzar en la digitalizaci\u00f3n y conectividad de todas las \u00e1reas funcionales.<\/p>\n\n\n\n<p>&nbsp;&nbsp; El futuro del trabajo y la modalidad virtual fue otro eje abarcado por el estudio de KPMG, revelando que el 54 % de los CEOs buscar\u00e1 contratar personal que trabaje de forma remota y centrar\u00e1n los esfuerzos en desarrollar una cultura y pol\u00edticas que fomenten un mejor equilibrio entre la vida laboral y personal.<\/p>\n\n\n\n<p>&nbsp;&nbsp; A\u00fan as\u00ed, baj\u00f3 el porcentaje de l\u00edderes que piensan reducir espacio f\u00edsico en sus compa\u00f1\u00edas, ya que siguen valorando el componente cultural que aportan las oficinas.<\/p>\n\n\n\n<p>&nbsp;&nbsp; Con respecto a las amenazas que afecten el desarrollo de las compa\u00f1\u00edas, el relevamiento indica que los directivos coinciden en que no existe un riesgo \u00fanico.<\/p>\n\n\n\n<p>&nbsp;&nbsp; Entre los factores que pueden ser incidentes de modo negativo para las organizaciones se encuentran: el riesgo de ciberseguridad, el riesgo de tecnolog\u00eda emergente y disruptiva, y el riesgo regulatorio.<\/p>\n\n\n\n<p>&nbsp;&nbsp; Adem\u00e1s advierten que aparecen otros aspectos a tener en cuenta en este sentido como el riesgo en la cadena de suministro y el riesgo del talento.<\/p>\n\n\n\n<p>&nbsp;&nbsp; Garc\u00eda resumi\u00f3: \u00abLa encuesta de este a\u00f1o refleja que los Directores Ejecutivos se centran en estar conectados, en poner a las personas primero y en el prop\u00f3sito de hacer crecer sus organizaciones con una mirada sustentable\u00bb.<\/p>\n","protected":false},"excerpt":{"rendered":"<p>La encuesta mundial \u00abCEO Outlook 2021 &#8211; Cap\u00edtulo Argentina\u00bb de la consultora KPMG refleja que los CEOs argentinos han recuperado la confianza y las perspectivas de crecimiento a niveles pre pandemia. &nbsp; &nbsp;El 94% de los 50 CEOs locales consultados para el relevamiento tiene confianza en las perspectivas de crecimiento del pa\u00eds. El 98% sobre [&hellip;]<\/p>\n","protected":false},"author":2,"featured_media":7703,"comment_status":"open","ping_status":"open","sticky":false,"template":"","format":"standard","meta":{"footnotes":""},"categories":[44],"tags":[],"class_list":["post-7702","post","type-post","status-publish","format-standard","has-post-thumbnail","hentry","category-economia"],"_links":{"self":[{"href":"https:\/\/infoactual.com.ar\/index.php\/wp-json\/wp\/v2\/posts\/7702","targetHints":{"allow":["GET"]}}],"collection":[{"href":"https:\/\/infoactual.com.ar\/index.php\/wp-json\/wp\/v2\/posts"}],"about":[{"href":"https:\/\/infoactual.com.ar\/index.php\/wp-json\/wp\/v2\/types\/post"}],"author":[{"embeddable":true,"href":"https:\/\/infoactual.com.ar\/index.php\/wp-json\/wp\/v2\/users\/2"}],"replies":[{"embeddable":true,"href":"https:\/\/infoactual.com.ar\/index.php\/wp-json\/wp\/v2\/comments?post=7702"}],"version-history":[{"count":1,"href":"https:\/\/infoactual.com.ar\/index.php\/wp-json\/wp\/v2\/posts\/7702\/revisions"}],"predecessor-version":[{"id":7704,"href":"https:\/\/infoactual.com.ar\/index.php\/wp-json\/wp\/v2\/posts\/7702\/revisions\/7704"}],"wp:featuredmedia":[{"embeddable":true,"href":"https:\/\/infoactual.com.ar\/index.php\/wp-json\/wp\/v2\/media\/7703"}],"wp:attachment":[{"href":"https:\/\/infoactual.com.ar\/index.php\/wp-json\/wp\/v2\/media?parent=7702"}],"wp:term":[{"taxonomy":"category","embeddable":true,"href":"https:\/\/infoactual.com.ar\/index.php\/wp-json\/wp\/v2\/categories?post=7702"},{"taxonomy":"post_tag","embeddable":true,"href":"https:\/\/infoactual.com.ar\/index.php\/wp-json\/wp\/v2\/tags?post=7702"}],"curies":[{"name":"wp","href":"https:\/\/api.w.org\/{rel}","templated":true}]}}