{"id":7709,"date":"2021-10-13T20:51:48","date_gmt":"2021-10-13T23:51:48","guid":{"rendered":"http:\/\/infoactual.com.ar\/?p=7709"},"modified":"2021-10-13T20:51:50","modified_gmt":"2021-10-13T23:51:50","slug":"malena-galmarini-recorrio-junto-a-autoridades-de-caf-el-avance-de-la-ampliacion-de-la-planta-potabilizadora-belgrano-que-beneficiara-a-2-500-00-de-habitantes-del-sur-del-conurbano","status":"publish","type":"post","link":"https:\/\/infoactual.com.ar\/index.php\/2021\/10\/13\/malena-galmarini-recorrio-junto-a-autoridades-de-caf-el-avance-de-la-ampliacion-de-la-planta-potabilizadora-belgrano-que-beneficiara-a-2-500-00-de-habitantes-del-sur-del-conurbano\/","title":{"rendered":"MALENA GALMARINI RECORRI\u00d3 JUNTO A AUTORIDADES DE CAF EL AVANCE DE LA AMPLIACI\u00d3N DE LA PLANTA POTABILIZADORA BELGRANO QUE BENEFICIAR\u00c1 A 2.500.00 DE HABITANTES DEL SUR DEL CONURBANO"},"content":{"rendered":"\n<p>La Presidenta de AySA, Malena Galmarini, junto a autoridades de CAF- Banco de Desarrollo de Am\u00e9rica Latina, entre ellos su Presidente Ejecutivo Sergio D\u00edaz Granados y su Vicepresidente Corporativo, Christian Ansinelli, recorri\u00f3 el avance de obra de la ampliaci\u00f3n de la Planta Potabilizadora Gral. Belgrano, una de las etapas que conforman la megaobra de agua potable Sistema Agua Sur, que beneficiar\u00e1 a m\u00e1s de 2.500.000 habitantes de la zona sur del conurbano bonaerense.<\/p>\n\n\n\n<p>Finalizado el recorrido, la Presidenta de AySA declar\u00f3: \u00abEs un placer y un verdadero orgullo que haya estado toda la delegaci\u00f3n de CAF ac\u00e1 en la Planta de Bernal, son un socio estrat\u00e9gico para esta obra y para el desarrollo de la infraestructura en Argentina. Era important\u00edsimo que ellos pudieran ver esta obra, c\u00f3mo desde AySA con las trabajadoras, los trabajadores, el Sindicato, estamos trabajando para llegar cuanto antes a las casas de nuestras vecinas y nuestros vecinos. Son ellos los protagonistas reales de estas obras\u00bb.<\/p>\n\n\n\n<p>Por su parte, el Presidente Ejecutivo de CAF afirm\u00f3: \u00abVen\u00edamos a constatar y a ratificar el compromiso de CAF con AySA, no solamente en esta obra, sino en las pr\u00f3ximas que vamos a estructurar para seguir en este proceso de cumplir de aqu\u00ed al 2030 nuestra meta de que ojal\u00e1 todos los habitantes en esta importante provincia de Am\u00e9rica Latina, como es Buenos Aires, tengan acceso a agua potable de calidad y tengan acceso a un sistema confiable tambi\u00e9n de manejo de aguas residuales\u00bb.<\/p>\n\n\n\n<p>Las obras de ampliaci\u00f3n de la Planta Potabilizadora Gral. Belgrano tienen como objetivo incrementar su producci\u00f3n en un mill\u00f3n de m\u00b3\/d\u00eda. \u00abSon varias obras que complementan la ampliaci\u00f3n de este lugar que nos va a permitir beneficiar a dos millones y medio de personas, vecinas y vecinos de seis municipios del sur del conurbano bonaerense que est\u00e1n esperando que les llegue el agua o tener m\u00e1s presi\u00f3n tanto para extender como para mejorar el servicio. Un servicio esencial como es el agua potable. Lo hemos visto este \u00faltimo tiempo con la pandemia, la importancia de tener agua potable\u00bb, detall\u00f3 Galmarini.<\/p>\n\n\n\n<p>La Planta Potabilizadora est\u00e1 ubicada en la localidad de Bernal, en un predio de 36 hect\u00e1reas y actualmente abastece a 3.5 millones de habitantes de los partidos de Quilmes, Lan\u00fas, Avellaneda, Lomas de Zamora, Esteban Echeverr\u00eda y Almirante Brown, as\u00ed como tambi\u00e9n parte de La Matanza y de la Ciudad de Buenos Aires.<\/p>\n\n\n\n<p>Adem\u00e1s, Sergio D\u00edaz Granados destac\u00f3: \u00abUna de las programaciones m\u00e1s ambiciosas que hay en Am\u00e9rica Latina la tenemos en Argentina. Tenemos casi mil millones de d\u00f3lares en proyectos que est\u00e1n en ejecuci\u00f3n en este momento, de distintos tipos. AySA es un socio important\u00edsimo para CAF. Cuando comenzamos la relaci\u00f3n de CAF con Argentina, comenzamos con obras de infraestructura. Hoy estamos viendo ya obras que impactan en la calidad de vida de los ciudadanos, como es el agua y el saneamiento b\u00e1sico. La verdad que estamos muy contentos de ver el progreso que estamos teniendo\u00bb<\/p>\n\n\n\n<p>Finalmente, Galmarini concluy\u00f3: \u00abSi bien tenemos como fecha de finalizaci\u00f3n el a\u00f1o 2024, estamos haciendo todo con la UTE, con los sindicatos, con CAF, con AySA, para llegar cuanto antes. Creemos que es una obra que hay que terminar antes, que hay que llegar a las vecinas y a los vecinos con urgencia. Llevar el agua de red hace a la mejor salud, al cuidado del medio ambiente, a la equidad de g\u00e9nero, a mayor posibilidad de educaci\u00f3n. Finalmente, es justicia social\u00bb.<\/p>\n\n\n\n<p>Del recorrido participaron por parte de CAF Juli\u00e1n Su\u00e1rez, Vicepresidente de Desarrollo Sostenible; Antonio Silveira, Vicepresidente de Infraestructura y Andr\u00e9s Rugeles, Jefe de Gabinete y Asesor General de Presidencia. Adem\u00e1s, acompa\u00f1aron por parte de la Secretar\u00eda de Asuntos Estrat\u00e9gicos de la Naci\u00f3n el Subsecretario de Relaciones Financieras Internacionales para el Desarrollo, Leandro Gorgal y el Director Nacional de Financiamiento con Organismos Regionales del Cr\u00e9dito, Marcos Vago. Finalmente, por parte de AySA estuvieron presentes Alberto Freire, Director General Operativo; Patricio D\u00b4Angelo Campos, Director General Administrativo; Fernando Calatroni, Director General T\u00e9cnico; Mario Russo, Director de Relaciones Gubernamentales y Pablo Estigarrivia, Gerente del Sistema Agua Sur.<\/p>\n","protected":false},"excerpt":{"rendered":"<p>La Presidenta de AySA, Malena Galmarini, junto a autoridades de CAF- Banco de Desarrollo de Am\u00e9rica Latina, entre ellos su Presidente Ejecutivo Sergio D\u00edaz Granados y su Vicepresidente Corporativo, Christian Ansinelli, recorri\u00f3 el avance de obra de la ampliaci\u00f3n de la Planta Potabilizadora Gral. Belgrano, una de las etapas que conforman la megaobra de agua [&hellip;]<\/p>\n","protected":false},"author":3,"featured_media":7710,"comment_status":"open","ping_status":"open","sticky":false,"template":"","format":"standard","meta":{"footnotes":""},"categories":[45],"tags":[],"class_list":["post-7709","post","type-post","status-publish","format-standard","has-post-thumbnail","hentry","category-sociedad"],"_links":{"self":[{"href":"https:\/\/infoactual.com.ar\/index.php\/wp-json\/wp\/v2\/posts\/7709","targetHints":{"allow":["GET"]}}],"collection":[{"href":"https:\/\/infoactual.com.ar\/index.php\/wp-json\/wp\/v2\/posts"}],"about":[{"href":"https:\/\/infoactual.com.ar\/index.php\/wp-json\/wp\/v2\/types\/post"}],"author":[{"embeddable":true,"href":"https:\/\/infoactual.com.ar\/index.php\/wp-json\/wp\/v2\/users\/3"}],"replies":[{"embeddable":true,"href":"https:\/\/infoactual.com.ar\/index.php\/wp-json\/wp\/v2\/comments?post=7709"}],"version-history":[{"count":1,"href":"https:\/\/infoactual.com.ar\/index.php\/wp-json\/wp\/v2\/posts\/7709\/revisions"}],"predecessor-version":[{"id":7711,"href":"https:\/\/infoactual.com.ar\/index.php\/wp-json\/wp\/v2\/posts\/7709\/revisions\/7711"}],"wp:featuredmedia":[{"embeddable":true,"href":"https:\/\/infoactual.com.ar\/index.php\/wp-json\/wp\/v2\/media\/7710"}],"wp:attachment":[{"href":"https:\/\/infoactual.com.ar\/index.php\/wp-json\/wp\/v2\/media?parent=7709"}],"wp:term":[{"taxonomy":"category","embeddable":true,"href":"https:\/\/infoactual.com.ar\/index.php\/wp-json\/wp\/v2\/categories?post=7709"},{"taxonomy":"post_tag","embeddable":true,"href":"https:\/\/infoactual.com.ar\/index.php\/wp-json\/wp\/v2\/tags?post=7709"}],"curies":[{"name":"wp","href":"https:\/\/api.w.org\/{rel}","templated":true}]}}