{"id":7742,"date":"2021-10-14T15:40:55","date_gmt":"2021-10-14T18:40:55","guid":{"rendered":"http:\/\/infoactual.com.ar\/?p=7742"},"modified":"2021-10-14T15:40:55","modified_gmt":"2021-10-14T18:40:55","slug":"aguero-sobre-la-muerte-de-maradona-cuando-me-entere-pense-que-era-mentira-como-tantas-otras-veces","status":"publish","type":"post","link":"https:\/\/infoactual.com.ar\/index.php\/2021\/10\/14\/aguero-sobre-la-muerte-de-maradona-cuando-me-entere-pense-que-era-mentira-como-tantas-otras-veces\/","title":{"rendered":"AG\u00dcERO SOBRE LA MUERTE DE MARADONA: \u00abCUANDO ME ENTER\u00c9, PENS\u00c9 QUE ERA MENTIRA, COMO TANTAS OTRAS VECES"},"content":{"rendered":"\n<p><strong>El delantero Sergio \u00abKun\u00bb Ag\u00fcero cont\u00f3 que cuando se enter\u00f3 del fallecimiento de Diego Armando Maradona pens\u00f3 \u00abque era mentira\u00bb, dijo que tom\u00f3 \u00abmuy mal\u00bb la noticia y que tuvo que confirmarla con Gianinna, hija del astro y madre de su hijo Benjam\u00edn.<\/strong><\/p>\n\n\n\n<p>&nbsp; &nbsp;\u00abLa noticia la tom\u00e9 muy mal. \u00bfC\u00f3mo lo pod\u00eda vivir? Ten\u00eda partido de Champions ese d\u00eda. Cuando me enter\u00e9, pens\u00e9 que era mentira, como tantas otras veces, pero como ve\u00eda que cada vez lo dec\u00eda m\u00e1s gente, le pregunt\u00e9 directamente a la mam\u00e1 de Benjam\u00edn.<\/p>\n\n\n\n<p>&nbsp;&nbsp;Me acuerdo hasta lo que le pregunt\u00e9. \u00ab\u00bfEs verdad o no?\u00bb, le escrib\u00ed. Me contest\u00f3 que s\u00ed\u00bb, relat\u00f3.<\/p>\n\n\n\n<p>&nbsp;&nbsp; En tanto, a\u00f1adi\u00f3: \u00abPensaba en mi hijo, en que lo ten\u00eda que llamar. Me preocupaba mucho c\u00f3mo se iba a enterar de la noticia.<\/p>\n\n\n\n<p>&nbsp;&nbsp;Cuando pudimos hablar, ya lo sab\u00eda por un compa\u00f1ero de colegio.<br>&nbsp;&nbsp;Diego y Benja se llevaban muy bien. Diego era un fen\u00f3meno con mi hijo y Benja lo amaba\u00bb.<\/p>\n\n\n\n<p>&nbsp;&nbsp; \u00abLe ped\u00ed a mi hermana que lo fuera a buscar al colegio y que lo intentara distraer. Al d\u00eda siguiente me escribi\u00f3: \u00b4Pap\u00e1, quiero ir a verlo\u00b4. La idea no me gustaba porque ten\u00eda miedo de que se quedara con un mal recuerdo, pero como \u00e9l quer\u00eda, lo dej\u00e9 ir. Fue al velatorio en la Casa Rosada con su madre. Me dijo que le dio un beso y que se puso a llorar. Yo intentaba contenerme para que mi hijo no me viera mal. Fueron d\u00edas muy dif\u00edciles. Al menos, Benja se pudo despedir de su abuelo\u00bb, se\u00f1al\u00f3.<\/p>\n\n\n\n<p>&nbsp;&nbsp; En di\u00e1logo con el diario espa\u00f1ol El Pa\u00eds, tambi\u00e9n habl\u00f3 de la salida de Lionel Messi del Barcelona: \u00abFue un momento de shock. \u00c9l estaba muy mal y cuando me enter\u00e9 no lo pod\u00eda creer. Ese s\u00e1bado lo fui a ver a su casa y, por mi personalidad, como no lo ve\u00eda bien, intentaba hacer que se olvidara de lo que hab\u00eda pasado\u00bb.<\/p>\n\n\n\n<p>&nbsp;&nbsp; \u00abVe\u00eda que estaba medio apagado y lo intentaba distraer. Le contaba de mi equipo de Esports y las cosas que est\u00e1bamos haciendo. Pienso ayudar al equipo con alg\u00fan gol cada vez que me toque jugar. M\u00e1s all\u00e1 de los cambios que pasaron, que entre ellos est\u00e1 la salida de Leo\u00bb, asever\u00f3.<\/p>\n\n\n\n<p>&nbsp;&nbsp; Al ser consultado acerca de si se arrepinti\u00f3 de llegar al Barcelona, dijo: \u00ab\u00bfQu\u00e9 jugador no quiere estar en el Bar\u00e7a? Yo te dir\u00eda que a la mayor\u00eda de los futbolistas les gustar\u00eda vestir esta camiseta, por m\u00e1s que el Bar\u00e7a est\u00e9 bien o mal. Llegu\u00e9 con la expectativa de jugar con Leo y de que se armara un buen equipo.<\/p>\n\n\n\n<p>&nbsp;&nbsp;Cuando me llamaron pens\u00e9: \u00b4Me da igual lo que me paguen. Me pongo bien y voy a ayudar al equipo en lo que m\u00e1s pueda\u00b4\u00bb.<\/p>\n\n\n\n<p>&nbsp;&nbsp; En cuanto a su estad\u00eda en el Manchester City, indic\u00f3: \u00abNunca tuve problemas con (Pep) Guardiola, jam\u00e1s discut\u00ed con \u00e9l. S\u00ed tuvimos que aclarar cosas. Cuando lleg\u00f3, como no nos conoc\u00edamos, tuvimos una etapa un poco de tanteo. Los \u00faltimos tres a\u00f1os fueron fant\u00e1sticos. Nada que decir\u00bb.<\/p>\n\n\n\n<p>&nbsp;&nbsp; \u00abEs un entrenador que siempre quiere el m\u00e1ximo. Si tiene una idea de partido en la cabeza la hace. Le da lo mismo si tiene que dejar fuera del equipo al que hab\u00eda marcado tres goles en los \u00faltimos partidos. Le da lo mismo el nombre del jugador, salvo que sea Messi. Siempre acept\u00e9 cuando me toc\u00f3 jugar y cuando no.<\/p>\n\n\n\n<p>&nbsp;&nbsp;Gabriel Jes\u00fas, nada m\u00e1s aterrizar en Manchester, empez\u00f3 a jugar de titular. No dije nada. Pensaba que llegar\u00eda mi momento. Cuando se lesion\u00f3 Gabriel Jes\u00fas me toc\u00f3 jugar y en esos tres meses met\u00ed 20 goles\u00bb, agreg\u00f3.<br>.<\/p>\n","protected":false},"excerpt":{"rendered":"<p>El delantero Sergio \u00abKun\u00bb Ag\u00fcero cont\u00f3 que cuando se enter\u00f3 del fallecimiento de Diego Armando Maradona pens\u00f3 \u00abque era mentira\u00bb, dijo que tom\u00f3 \u00abmuy mal\u00bb la noticia y que tuvo que confirmarla con Gianinna, hija del astro y madre de su hijo Benjam\u00edn. &nbsp; &nbsp;\u00abLa noticia la tom\u00e9 muy mal. \u00bfC\u00f3mo lo pod\u00eda vivir? Ten\u00eda [&hellip;]<\/p>\n","protected":false},"author":2,"featured_media":7743,"comment_status":"open","ping_status":"open","sticky":false,"template":"","format":"standard","meta":{"footnotes":""},"categories":[50],"tags":[],"class_list":["post-7742","post","type-post","status-publish","format-standard","has-post-thumbnail","hentry","category-deportes"],"_links":{"self":[{"href":"https:\/\/infoactual.com.ar\/index.php\/wp-json\/wp\/v2\/posts\/7742","targetHints":{"allow":["GET"]}}],"collection":[{"href":"https:\/\/infoactual.com.ar\/index.php\/wp-json\/wp\/v2\/posts"}],"about":[{"href":"https:\/\/infoactual.com.ar\/index.php\/wp-json\/wp\/v2\/types\/post"}],"author":[{"embeddable":true,"href":"https:\/\/infoactual.com.ar\/index.php\/wp-json\/wp\/v2\/users\/2"}],"replies":[{"embeddable":true,"href":"https:\/\/infoactual.com.ar\/index.php\/wp-json\/wp\/v2\/comments?post=7742"}],"version-history":[{"count":1,"href":"https:\/\/infoactual.com.ar\/index.php\/wp-json\/wp\/v2\/posts\/7742\/revisions"}],"predecessor-version":[{"id":7744,"href":"https:\/\/infoactual.com.ar\/index.php\/wp-json\/wp\/v2\/posts\/7742\/revisions\/7744"}],"wp:featuredmedia":[{"embeddable":true,"href":"https:\/\/infoactual.com.ar\/index.php\/wp-json\/wp\/v2\/media\/7743"}],"wp:attachment":[{"href":"https:\/\/infoactual.com.ar\/index.php\/wp-json\/wp\/v2\/media?parent=7742"}],"wp:term":[{"taxonomy":"category","embeddable":true,"href":"https:\/\/infoactual.com.ar\/index.php\/wp-json\/wp\/v2\/categories?post=7742"},{"taxonomy":"post_tag","embeddable":true,"href":"https:\/\/infoactual.com.ar\/index.php\/wp-json\/wp\/v2\/tags?post=7742"}],"curies":[{"name":"wp","href":"https:\/\/api.w.org\/{rel}","templated":true}]}}