{"id":7748,"date":"2021-10-14T15:45:52","date_gmt":"2021-10-14T18:45:52","guid":{"rendered":"http:\/\/infoactual.com.ar\/?p=7748"},"modified":"2021-10-14T15:45:53","modified_gmt":"2021-10-14T18:45:53","slug":"la-inflacion-de-los-trabajadores-fue-del-3-en-septiembre","status":"publish","type":"post","link":"https:\/\/infoactual.com.ar\/index.php\/2021\/10\/14\/la-inflacion-de-los-trabajadores-fue-del-3-en-septiembre\/","title":{"rendered":"LA INFLACI\u00d3N DE LOS TRABAJADORES FUE DEL 3% EN SEPTIEMBRE"},"content":{"rendered":"\n<p><strong>Tras dos meses debajo de la franja del 3%, la inflaci\u00f3n de los trabajadores volvi\u00f3 a cobrar impulso en septiembre y se ubic\u00f3 en ese porcentaje, de acuerdo con un informe de la Universidad Metropolitana para la Educaci\u00f3n y el Trabajo (UMET) difundido hoy.<\/strong><\/p>\n\n\n\n<p>&nbsp; &nbsp;De este modo, en los nueve meses ya transcurridos del a\u00f1o la inflaci\u00f3n acumula un 36,2%.<\/p>\n\n\n\n<p>&nbsp;&nbsp; En tanto, la inflaci\u00f3n interanual alcanz\u00f3 el 52,1%: septiembre fue el tercer mes consecutivo en torno a ese porcentaje.<\/p>\n\n\n\n<p>&nbsp;&nbsp; La UMET consider\u00f3 que si la inflaci\u00f3n de los trabajadores continuara en el 3% mensual en lo que resta del a\u00f1o, 2021 habr\u00e1 terminado con una suba de precios del 48,8%.<\/p>\n\n\n\n<p>&nbsp;&nbsp; Seg\u00fan esa casa de estudios, la inflaci\u00f3n de septiembre estuvo motorizada por Alimentos y bebidas, que subieron 4,4% y explicaron el 47% de la suba de precios del mes del conjunto de bienes y servicios.<\/p>\n\n\n\n<p>&nbsp;&nbsp; Se detectaron subas en pan y cereales, verduras y frutas pero, como dato positivo, se destac\u00f3 la moderada inflaci\u00f3n de carnes (1,1%) rubro que pudo estabilizar sus precios en los \u00faltimos meses (subi\u00f3 3,3% acumulado desde junio).<\/p>\n\n\n\n<p>&nbsp;&nbsp; En segundo lugar, Otros bienes y servicios subi\u00f3 3,8% en septiembre, por alzas en peluquer\u00eda para hombres, jabones de tocador, cigarrillos y papel higi\u00e9nico.<\/p>\n\n\n\n<p>&nbsp;&nbsp; Indumentaria y calzado y Salud se encarecieron 3,7%: en este \u00faltimo caso, las subas estuvieron motorizadas por las prepagas (+9%).<\/p>\n\n\n\n<p>&nbsp;&nbsp; Transporte, por su parte, subi\u00f3 3,5%, debido a alzas de veh\u00edculos cero kil\u00f3metro (en un contexto de creciente brecha cambiaria y problemas de oferta) y en pasajes de avi\u00f3n de cabotaje (debido a que las reaperturas est\u00e1n impactando en una r\u00e1pida aceleraci\u00f3n de la demanda), puntualiz\u00f3 la UMET.<\/p>\n\n\n\n<p>&nbsp;&nbsp; Ense\u00f1anza trep\u00f3 3%, lo cual se explic\u00f3 mayormente por \u00fatiles escolares, cursos de apoyo, de idiomas y de ense\u00f1anza art\u00edstica.<\/p>\n\n\n\n<p>&nbsp;&nbsp; Por debajo del nivel general, en primer lugar se ubic\u00f3 Recreaci\u00f3n y cultura (+2,7%, con subas superiores al 12% en juguetes).<\/p>\n\n\n\n<p>&nbsp;&nbsp; Equipamiento y mantenimiento del hogar trep\u00f3 2%, ya que se trata de un rubro que ven\u00eda teniendo subas mayores a la media en el \u00faltimo a\u00f1o; la moderaci\u00f3n de septiembre se explica en parte por los muebles, que subieron 1,2%.<\/p>\n\n\n\n<p>&nbsp;&nbsp; En tanto, Vivienda (0,3%) y Comunicaciones (-0,1%) pr\u00e1cticamente no tuvieron movimientos.<\/p>\n\n\n\n<p>&nbsp;&nbsp; En el caso de Vivienda, ello se debe a la estabilidad en las tarifas de servicios p\u00fablicos de electricidad, gas y agua; en Comunicaciones no hubo mayores variaciones ni en los servicios ni en los equipos de telefon\u00eda, evalu\u00f3 la casa de estudios.<\/p>\n\n\n\n<p>&nbsp;&nbsp; Esta tarde, el INDEC difundir\u00e1 los datos oficiales de inflaci\u00f3n de septiembre.<\/p>\n","protected":false},"excerpt":{"rendered":"<p>Tras dos meses debajo de la franja del 3%, la inflaci\u00f3n de los trabajadores volvi\u00f3 a cobrar impulso en septiembre y se ubic\u00f3 en ese porcentaje, de acuerdo con un informe de la Universidad Metropolitana para la Educaci\u00f3n y el Trabajo (UMET) difundido hoy. &nbsp; &nbsp;De este modo, en los nueve meses ya transcurridos del [&hellip;]<\/p>\n","protected":false},"author":2,"featured_media":7749,"comment_status":"open","ping_status":"open","sticky":false,"template":"","format":"standard","meta":{"footnotes":""},"categories":[44],"tags":[],"class_list":["post-7748","post","type-post","status-publish","format-standard","has-post-thumbnail","hentry","category-economia"],"_links":{"self":[{"href":"https:\/\/infoactual.com.ar\/index.php\/wp-json\/wp\/v2\/posts\/7748","targetHints":{"allow":["GET"]}}],"collection":[{"href":"https:\/\/infoactual.com.ar\/index.php\/wp-json\/wp\/v2\/posts"}],"about":[{"href":"https:\/\/infoactual.com.ar\/index.php\/wp-json\/wp\/v2\/types\/post"}],"author":[{"embeddable":true,"href":"https:\/\/infoactual.com.ar\/index.php\/wp-json\/wp\/v2\/users\/2"}],"replies":[{"embeddable":true,"href":"https:\/\/infoactual.com.ar\/index.php\/wp-json\/wp\/v2\/comments?post=7748"}],"version-history":[{"count":1,"href":"https:\/\/infoactual.com.ar\/index.php\/wp-json\/wp\/v2\/posts\/7748\/revisions"}],"predecessor-version":[{"id":7750,"href":"https:\/\/infoactual.com.ar\/index.php\/wp-json\/wp\/v2\/posts\/7748\/revisions\/7750"}],"wp:featuredmedia":[{"embeddable":true,"href":"https:\/\/infoactual.com.ar\/index.php\/wp-json\/wp\/v2\/media\/7749"}],"wp:attachment":[{"href":"https:\/\/infoactual.com.ar\/index.php\/wp-json\/wp\/v2\/media?parent=7748"}],"wp:term":[{"taxonomy":"category","embeddable":true,"href":"https:\/\/infoactual.com.ar\/index.php\/wp-json\/wp\/v2\/categories?post=7748"},{"taxonomy":"post_tag","embeddable":true,"href":"https:\/\/infoactual.com.ar\/index.php\/wp-json\/wp\/v2\/tags?post=7748"}],"curies":[{"name":"wp","href":"https:\/\/api.w.org\/{rel}","templated":true}]}}