{"id":7757,"date":"2021-10-15T09:21:14","date_gmt":"2021-10-15T12:21:14","guid":{"rendered":"http:\/\/infoactual.com.ar\/?p=7757"},"modified":"2021-10-15T09:21:15","modified_gmt":"2021-10-15T12:21:15","slug":"el-estreno-de-la-serie-de-diego-maradona-se-podra-ver-por-television-abierta","status":"publish","type":"post","link":"https:\/\/infoactual.com.ar\/index.php\/2021\/10\/15\/el-estreno-de-la-serie-de-diego-maradona-se-podra-ver-por-television-abierta\/","title":{"rendered":"EL ESTRENO DE LA SERIE DE DIEGO MARADONA SE PODR\u00c1 VER POR TELEVISI\u00d3N ABIERTA"},"content":{"rendered":"\n<p><strong>La serie&nbsp;\u00abMaradona: Sue\u00f1o bendito\u00bb tiene previsto su estreno para el 29 de octubre por una plataforma de video, pero aquellos que no tengan acceso a la misma podr\u00e1n ver el primer cap\u00edtulo en la televisi\u00f3n abierta.<\/strong><\/p>\n\n\n\n<p>&nbsp; &nbsp;En ese sentido, el Nueve emitir\u00e1 el episodio inicial a las 22:00, en simult\u00e1neo con Amazon Primer Video, due\u00f1a de los derechos dela serie.<\/p>\n\n\n\n<p>&nbsp;&nbsp; Luego, desde el d\u00eda siguiente, la producci\u00f3n quedar\u00e1 disponible en la plataforma de video.<\/p>\n\n\n\n<p>&nbsp;&nbsp; La biopic de Diego Maradona est\u00e1 dividida en&nbsp;dos temporadas, con 10 cap\u00edtulos&nbsp;de una hora de duraci\u00f3n en cada una.<\/p>\n\n\n\n<p>&nbsp;&nbsp; A lo largo de las entregas semanales, la producci\u00f3n audiovisual&nbsp;relatar\u00e1 los hechos centrales de la vida del fallecido astro del f\u00fatbol&nbsp;desde sus inicios en un potrero de Villa Fiorito.<\/p>\n\n\n\n<p>&nbsp;&nbsp; Nazareno Casero, Juan Palomino y Nicol\u00e1s Goldschmidt&nbsp;son los actores que le dan vida al 10 en la serie.<\/p>\n\n\n\n<p>&nbsp;&nbsp; Cada uno representa&nbsp;una etapa distinta en la carrera de Maradona.&nbsp;.<\/p>\n\n\n\n<p>&nbsp;&nbsp; Julieta Cardinali, Laura Esquivel, Peter Lanzani, Mercedes Mor\u00e1n y Pepe Monje&nbsp;tambi\u00e9n forman parte del elenco.<\/p>\n\n\n\n<p>&nbsp;&nbsp; Durante la jornada del pasado domingo, en las redes sociales de&nbsp;\u00abMaradona: Sue\u00f1o bendito\u00bb&nbsp;se estren\u00f3 el tr\u00e1iler oficial de la serie.<\/p>\n\n\n\n<p>&nbsp;&nbsp; \u00abEn este 10\/10 maradoniano, sale el tr\u00e1iler oficial a la cancha\u00bb, celebraron desde la cuenta oficial, que en su biograf\u00eda de Twitter invita a conocer al hombre \u00abdetr\u00e1s de la leyenda\u00bb.<\/p>\n\n\n\n<p>&nbsp;&nbsp; La producci\u00f3n, que&nbsp;cont\u00f3 con la autorizaci\u00f3n del ex futbolista&nbsp;para la reproducci\u00f3n de las escenas m\u00e1s sensibles de su vida, estar\u00e1 disponible en m\u00e1s de 240 pa\u00edses.<\/p>\n\n\n\n<p>&nbsp;&nbsp; El 29 de octubre ser\u00e1 la fecha elegida,&nbsp;un d\u00eda antes del cumplea\u00f1os del Diez, en la que estar\u00e1n&nbsp;disponibles los cap\u00edtulos 1,2, 3, 4 y 5.<\/p>\n\n\n\n<p>&nbsp;&nbsp; El 6 y el 7, en tanto, se podr\u00e1n ver reci\u00e9n el 5 de noviembre, mientras que el 12 de ese mes se presentar\u00e1 el 8.<\/p>\n\n\n\n<p>&nbsp;&nbsp; En tanto, el 19 de noviembre estar\u00e1 disponible el cap\u00edtulo 9 y el 26 del mismo mes el 10, con el que terminar\u00e1 esta primera temporada.<\/p>\n","protected":false},"excerpt":{"rendered":"<p>La serie&nbsp;\u00abMaradona: Sue\u00f1o bendito\u00bb tiene previsto su estreno para el 29 de octubre por una plataforma de video, pero aquellos que no tengan acceso a la misma podr\u00e1n ver el primer cap\u00edtulo en la televisi\u00f3n abierta. &nbsp; &nbsp;En ese sentido, el Nueve emitir\u00e1 el episodio inicial a las 22:00, en simult\u00e1neo con Amazon Primer Video, [&hellip;]<\/p>\n","protected":false},"author":2,"featured_media":7758,"comment_status":"open","ping_status":"open","sticky":false,"template":"","format":"standard","meta":{"footnotes":""},"categories":[45],"tags":[],"class_list":["post-7757","post","type-post","status-publish","format-standard","has-post-thumbnail","hentry","category-sociedad"],"_links":{"self":[{"href":"https:\/\/infoactual.com.ar\/index.php\/wp-json\/wp\/v2\/posts\/7757","targetHints":{"allow":["GET"]}}],"collection":[{"href":"https:\/\/infoactual.com.ar\/index.php\/wp-json\/wp\/v2\/posts"}],"about":[{"href":"https:\/\/infoactual.com.ar\/index.php\/wp-json\/wp\/v2\/types\/post"}],"author":[{"embeddable":true,"href":"https:\/\/infoactual.com.ar\/index.php\/wp-json\/wp\/v2\/users\/2"}],"replies":[{"embeddable":true,"href":"https:\/\/infoactual.com.ar\/index.php\/wp-json\/wp\/v2\/comments?post=7757"}],"version-history":[{"count":1,"href":"https:\/\/infoactual.com.ar\/index.php\/wp-json\/wp\/v2\/posts\/7757\/revisions"}],"predecessor-version":[{"id":7759,"href":"https:\/\/infoactual.com.ar\/index.php\/wp-json\/wp\/v2\/posts\/7757\/revisions\/7759"}],"wp:featuredmedia":[{"embeddable":true,"href":"https:\/\/infoactual.com.ar\/index.php\/wp-json\/wp\/v2\/media\/7758"}],"wp:attachment":[{"href":"https:\/\/infoactual.com.ar\/index.php\/wp-json\/wp\/v2\/media?parent=7757"}],"wp:term":[{"taxonomy":"category","embeddable":true,"href":"https:\/\/infoactual.com.ar\/index.php\/wp-json\/wp\/v2\/categories?post=7757"},{"taxonomy":"post_tag","embeddable":true,"href":"https:\/\/infoactual.com.ar\/index.php\/wp-json\/wp\/v2\/tags?post=7757"}],"curies":[{"name":"wp","href":"https:\/\/api.w.org\/{rel}","templated":true}]}}