{"id":7760,"date":"2021-10-15T09:26:51","date_gmt":"2021-10-15T12:26:51","guid":{"rendered":"http:\/\/infoactual.com.ar\/?p=7760"},"modified":"2021-10-15T09:26:52","modified_gmt":"2021-10-15T12:26:52","slug":"fuertes-vientos-azotaron-a-la-zona-central-del-pais-provocaron-destrozos-en-cordoba-y-zamarrearon-a-funcionarios-en-ezeiza","status":"publish","type":"post","link":"https:\/\/infoactual.com.ar\/index.php\/2021\/10\/15\/fuertes-vientos-azotaron-a-la-zona-central-del-pais-provocaron-destrozos-en-cordoba-y-zamarrearon-a-funcionarios-en-ezeiza\/","title":{"rendered":"FUERTES VIENTOS AZOTARON A LA ZONA CENTRAL DEL PA\u00cdS: PROVOCARON DESTROZOS EN C\u00d3RDOBA Y ZAMARREARON A FUNCIONARIOS EN EZEIZA"},"content":{"rendered":"\n<p><strong>Fuertes vientos que azotaron hoy a distintas regiones del pa\u00eds provocaron destrozos en C\u00f3rdoba y zarandearon a quienes participaban de un acto pol\u00edtico en Ezeiza encabezado por el gobernador bonaerense, Axel Kicillof, y la candidata a diputada Victoria Tolosa Paz.<\/strong><\/p>\n\n\n\n<p>&nbsp; &nbsp;En la provincia mediterr\u00e1nea, r\u00e1fagas de m\u00e1s de 100 kil\u00f3metros por hora ocasionaron da\u00f1os y ca\u00eddas de \u00e1rboles en los valles de Punilla y Calamuchita, adem\u00e1s de la ciudad capital y sus alrededores.<\/p>\n\n\n\n<p>&nbsp;&nbsp; M\u00e1s temprano este jueves, el Servicio Meteorol\u00f3gico Nacional (SMN) emiti\u00f3 una alerta amarilla por vientos en la ciudad y en la provincia de Buenos Aires.<\/p>\n\n\n\n<p>&nbsp;&nbsp; Tambi\u00e9n advirti\u00f3 el SMN que se iban a ver afectados por este fen\u00f3meno clim\u00e1tico los distritos de La Pampa, San Luis, Entre R\u00edos, Corrientes, Santa Fe, Santiago del Estero, Tucum\u00e1n, San Juan, Mendoza, La Rioja, Catamarca y C\u00f3rdoba.<\/p>\n\n\n\n<p>&nbsp;&nbsp; \u00abEl \u00e1rea ser\u00e1 afectada por vientos del sector sur con velocidades entre 35 y 55 kil\u00f3metros por hora, con r\u00e1fagas que pueden superar los 70 kil\u00f3metros por hora\u00bb, indic\u00f3 el SMN, que detall\u00f3: \u00abEn particular, la zona comprendida por C\u00f3rdoba, sur de Santiago del Estero y sur y centro de Santa Fe las r\u00e1fagas pueden alcanzar los 80 kil\u00f3metros por hora\u00bb.<\/p>\n\n\n\n<p>&nbsp;&nbsp; En la provincia de San Juan, intensas r\u00e1fagas obligaron a postergar para ma\u00f1ana parte de las actividades previstas para este jueves en el aut\u00f3dromo de Villicum por la ronda argentina del campeonato del mundo de Superbike.<\/p>\n\n\n\n<p>&nbsp;&nbsp; En tanto, en Ezeiza, en la zona sur del Gran Buenos Aires, el viento zamarre\u00f3 a Kicillof, a Tolosa Paz y al ministro de Obras P\u00fablicas de la Naci\u00f3n, Gabriel Katopodis, entre otros funcionarios y militantes, durante un acto de inauguraci\u00f3n de seis kil\u00f3metros de la Autopista Presidente Per\u00f3n, la continuaci\u00f3n del Camino del Buen Ayre.<\/p>\n\n\n\n<p>&nbsp;&nbsp; En ese contexto, Tolosa Paz qued\u00f3 literalmente tapada por una nube polvo cuando se desat\u00f3 una furibunda r\u00e1faga mientras pronunciaba su discurso, antes de ceder la palabra a Kicillof para que cerrara el acto, en medio de la autopista y frente a un nutrido grupo de seguidores del Frente de Todos que se esforzaban para mantener sus banderas en alto.<\/p>\n\n\n\n<p>&nbsp;&nbsp; En la Capital Federal, se produjo un marcado descenso de la temperatura en horas de la tarde.<\/p>\n\n\n\n<p>&nbsp;&nbsp; Mientras tanto, en C\u00f3rdoba, una de las localidades m\u00e1s perjudicadas por el fen\u00f3meno clim\u00e1tico fue Villa Rumipal, donde una concesionaria de veh\u00edculos ubicada sobre la Ruta Provincial N\u00b0 5 sufri\u00f3 la voladura de su techo y el destrozo de sus vidrieras, seg\u00fan report\u00f3 Cadena 3.<\/p>\n\n\n\n<p>&nbsp;&nbsp; En otras ciudades de los valles de Punilla y Calamuchita tambi\u00e9n se produjeron da\u00f1os, como voladuras de techos, y ca\u00edda de \u00e1rboles, algunos de los cuales impactaron sobre autom\u00f3viles estacionados -en C\u00f3rdoba capital-.<\/p>\n\n\n\n<p>&nbsp;&nbsp; Las fuertes r\u00e1fagas, que seg\u00fan autoridades provinciales superaron los 100 km\/h, ocasionaron adem\u00e1s severos trastornos en carreteras de la zona, por la velocidad del viento y la polvareda generada a causa del fen\u00f3meno clim\u00e1tico, y en algunas rutas se produjeron accidentes de tr\u00e1nsito.<\/p>\n","protected":false},"excerpt":{"rendered":"<p>Fuertes vientos que azotaron hoy a distintas regiones del pa\u00eds provocaron destrozos en C\u00f3rdoba y zarandearon a quienes participaban de un acto pol\u00edtico en Ezeiza encabezado por el gobernador bonaerense, Axel Kicillof, y la candidata a diputada Victoria Tolosa Paz. &nbsp; &nbsp;En la provincia mediterr\u00e1nea, r\u00e1fagas de m\u00e1s de 100 kil\u00f3metros por hora ocasionaron da\u00f1os [&hellip;]<\/p>\n","protected":false},"author":2,"featured_media":7761,"comment_status":"open","ping_status":"open","sticky":false,"template":"","format":"standard","meta":{"footnotes":""},"categories":[45],"tags":[],"class_list":["post-7760","post","type-post","status-publish","format-standard","has-post-thumbnail","hentry","category-sociedad"],"_links":{"self":[{"href":"https:\/\/infoactual.com.ar\/index.php\/wp-json\/wp\/v2\/posts\/7760","targetHints":{"allow":["GET"]}}],"collection":[{"href":"https:\/\/infoactual.com.ar\/index.php\/wp-json\/wp\/v2\/posts"}],"about":[{"href":"https:\/\/infoactual.com.ar\/index.php\/wp-json\/wp\/v2\/types\/post"}],"author":[{"embeddable":true,"href":"https:\/\/infoactual.com.ar\/index.php\/wp-json\/wp\/v2\/users\/2"}],"replies":[{"embeddable":true,"href":"https:\/\/infoactual.com.ar\/index.php\/wp-json\/wp\/v2\/comments?post=7760"}],"version-history":[{"count":1,"href":"https:\/\/infoactual.com.ar\/index.php\/wp-json\/wp\/v2\/posts\/7760\/revisions"}],"predecessor-version":[{"id":7762,"href":"https:\/\/infoactual.com.ar\/index.php\/wp-json\/wp\/v2\/posts\/7760\/revisions\/7762"}],"wp:featuredmedia":[{"embeddable":true,"href":"https:\/\/infoactual.com.ar\/index.php\/wp-json\/wp\/v2\/media\/7761"}],"wp:attachment":[{"href":"https:\/\/infoactual.com.ar\/index.php\/wp-json\/wp\/v2\/media?parent=7760"}],"wp:term":[{"taxonomy":"category","embeddable":true,"href":"https:\/\/infoactual.com.ar\/index.php\/wp-json\/wp\/v2\/categories?post=7760"},{"taxonomy":"post_tag","embeddable":true,"href":"https:\/\/infoactual.com.ar\/index.php\/wp-json\/wp\/v2\/tags?post=7760"}],"curies":[{"name":"wp","href":"https:\/\/api.w.org\/{rel}","templated":true}]}}