{"id":7769,"date":"2021-10-15T09:46:51","date_gmt":"2021-10-15T12:46:51","guid":{"rendered":"http:\/\/infoactual.com.ar\/?p=7769"},"modified":"2021-10-15T09:46:51","modified_gmt":"2021-10-15T12:46:51","slug":"alberto-fernandez-le-dio-a-gabriela-cerruti-rango-de-ministra-y-preciso-las-funciones-que-tendra-como-portavoz-de-la-presidencia","status":"publish","type":"post","link":"https:\/\/infoactual.com.ar\/index.php\/2021\/10\/15\/alberto-fernandez-le-dio-a-gabriela-cerruti-rango-de-ministra-y-preciso-las-funciones-que-tendra-como-portavoz-de-la-presidencia\/","title":{"rendered":"ALBERTO FERN\u00c1NDEZ LE DIO A GABRIELA CERRUTI RANGO DE MINISTRA Y PRECIS\u00d3 LAS FUNCIONES QUE TENDR\u00c1 COMO PORTAVOZ DE LA PRESIDENCIA"},"content":{"rendered":"\n<p><strong>El presidente Alberto Fern\u00e1ndez le dio a Gabriela Cerruti rango de ministra y precis\u00f3 cu\u00e1les ser\u00e1n sus funciones como flamante portavoz de la Presidencia.<\/strong><\/p>\n\n\n\n<p>&nbsp; &nbsp;A pesar de no estar al frente de uno de los 20 ministerios, la ex diputada nacional tendr\u00e1 \u00abrango y jerarqu\u00eda de ministra\u00bb: su sueldo rondar\u00e1 los 300 mil pesos.<\/p>\n\n\n\n<p>&nbsp;&nbsp; La periodista ostentar\u00e1 un \u00abcargo extraescalafonario\u00bb como titular de la flamante Unidad de Comunicaci\u00f3n de Gesti\u00f3n Presidencial, que tendr\u00e1 como meta reforzar el esquema de comunicaci\u00f3n de la Casa Rosada luego de cuestionamientos externos e internos por ese tema que valieron el desplazamiento de Juan Pablo Biondi como vocero del mandatario.<\/p>\n\n\n\n<p>&nbsp;&nbsp; Cerruti fue oficializada en el puesto a trav\u00e9s del Decreto 710\/2021, publicado este viernes en el Bolet\u00edn Oficial y que incluy\u00f3 el anexo en el que Alberto Fern\u00e1ndez detall\u00f3 las funciones que tendr\u00e1 en el Gobierno.<\/p>\n\n\n\n<p>&nbsp;&nbsp; A partir de ahora, la dirigente kirchnerista tendr\u00e1 que \u00abactuar en calidad de portavoz de la Presidencia de la Naci\u00f3n, comunicando las medidas de gobierno; entender en el dise\u00f1o y la articulaci\u00f3n de la estrategia de comunicaci\u00f3n presidencial y en la difusi\u00f3n de los objetivos de gesti\u00f3n del Poder Ejecutivo Nacional; y asistir a la Presidencia en la tarea de brindar la informaci\u00f3n pertinente referida a las diversas actividades desarrolladas en la gesti\u00f3n de gobierno\u00bb.<\/p>\n\n\n\n<p>&nbsp;&nbsp; Adem\u00e1s, la ex legisladora nacional estar\u00e1 bajo su \u00f3rbita la tarea de \u00abarticular con la Secretar\u00eda de Comunicaci\u00f3n y Prensa la planificaci\u00f3n, ejecuci\u00f3n y supervisi\u00f3n de la pol\u00edtica de prensa y comunicaci\u00f3n presidencial\u00bb, as\u00ed como tambi\u00e9n \u00abla informaci\u00f3n que se brinda sobre la gesti\u00f3n de gobierno a los medios de comunicaci\u00f3n, nacionales, provinciales, locales e internacionales\u00bb.<\/p>\n\n\n\n<p>&nbsp;&nbsp; La oficializaci\u00f3n del nuevo puesto de Gabriela Cerruti hab\u00eda sido mediante una publicaci\u00f3n de Alberto Fern\u00e1ndez en Twitter, mediante la cual explic\u00f3 que tom\u00f3 la figura de portavoz de \u00abalgunas democracias europeas\u00bb y que apunta a \u00abaportar a una comunicaci\u00f3n p\u00fablica democr\u00e1tica\u00bb.<\/p>\n\n\n\n<p>&nbsp;&nbsp; \u00abQue esa funci\u00f3n sea ejercida por una mujer resalta dos cuestiones fundamentales de nuestro Gobierno: queremos una comunicaci\u00f3n clara, precisa y transparente y sostenemos la vocaci\u00f3n de avanzar en la igualdad de g\u00e9nero y de oportunidades\u00bb, subray\u00f3 el Presidente.<\/p>\n\n\n\n<p>&nbsp;&nbsp; Adem\u00e1s, el jefe de Estado puntualiz\u00f3: \u00abLa Portavoz va a comunicar informaci\u00f3n, datos, anuncios, pero tambi\u00e9n las ideas y el rumbo del Gobierno en su conjunto\u00bb.<\/p>\n\n\n\n<p>&nbsp;&nbsp; En esa l\u00ednea, el mandatario aclar\u00f3 que Cerruti \u00abestar\u00e1 disponible para chequear toda la informaci\u00f3n\u00bb, con el prop\u00f3sito de \u00abcombatir los rumores y las noticias falsas que tanto da\u00f1o hacen a una comunicaci\u00f3n democr\u00e1tica\u00bb.<\/p>\n\n\n\n<p>&nbsp;&nbsp; \u00abEl tiempo que nace despu\u00e9s de la pandemia nos obliga a redefinir la agenda de la comunicaci\u00f3n diaria, fundamental para traer certidumbre en una \u00e9poca de cambios y desaf\u00edos\u00bb, resalt\u00f3 el Presidente.<\/p>\n\n\n\n<p>&nbsp;&nbsp; A modo de conclusi\u00f3n, Fern\u00e1ndez dijo esperar que la designaci\u00f3n de la ex diputada nacional \u00absea una herramienta que se construya y se consolide m\u00e1s all\u00e1 de esta gesti\u00f3n para aportar una comunicaci\u00f3n p\u00fablica democr\u00e1tica y una conversaci\u00f3n global acorde a los nuevos tiempos\u00bb.<\/p>\n","protected":false},"excerpt":{"rendered":"<p>El presidente Alberto Fern\u00e1ndez le dio a Gabriela Cerruti rango de ministra y precis\u00f3 cu\u00e1les ser\u00e1n sus funciones como flamante portavoz de la Presidencia. &nbsp; &nbsp;A pesar de no estar al frente de uno de los 20 ministerios, la ex diputada nacional tendr\u00e1 \u00abrango y jerarqu\u00eda de ministra\u00bb: su sueldo rondar\u00e1 los 300 mil pesos. [&hellip;]<\/p>\n","protected":false},"author":2,"featured_media":7770,"comment_status":"open","ping_status":"open","sticky":false,"template":"","format":"standard","meta":{"footnotes":""},"categories":[43],"tags":[],"class_list":["post-7769","post","type-post","status-publish","format-standard","has-post-thumbnail","hentry","category-politica"],"_links":{"self":[{"href":"https:\/\/infoactual.com.ar\/index.php\/wp-json\/wp\/v2\/posts\/7769","targetHints":{"allow":["GET"]}}],"collection":[{"href":"https:\/\/infoactual.com.ar\/index.php\/wp-json\/wp\/v2\/posts"}],"about":[{"href":"https:\/\/infoactual.com.ar\/index.php\/wp-json\/wp\/v2\/types\/post"}],"author":[{"embeddable":true,"href":"https:\/\/infoactual.com.ar\/index.php\/wp-json\/wp\/v2\/users\/2"}],"replies":[{"embeddable":true,"href":"https:\/\/infoactual.com.ar\/index.php\/wp-json\/wp\/v2\/comments?post=7769"}],"version-history":[{"count":1,"href":"https:\/\/infoactual.com.ar\/index.php\/wp-json\/wp\/v2\/posts\/7769\/revisions"}],"predecessor-version":[{"id":7771,"href":"https:\/\/infoactual.com.ar\/index.php\/wp-json\/wp\/v2\/posts\/7769\/revisions\/7771"}],"wp:featuredmedia":[{"embeddable":true,"href":"https:\/\/infoactual.com.ar\/index.php\/wp-json\/wp\/v2\/media\/7770"}],"wp:attachment":[{"href":"https:\/\/infoactual.com.ar\/index.php\/wp-json\/wp\/v2\/media?parent=7769"}],"wp:term":[{"taxonomy":"category","embeddable":true,"href":"https:\/\/infoactual.com.ar\/index.php\/wp-json\/wp\/v2\/categories?post=7769"},{"taxonomy":"post_tag","embeddable":true,"href":"https:\/\/infoactual.com.ar\/index.php\/wp-json\/wp\/v2\/tags?post=7769"}],"curies":[{"name":"wp","href":"https:\/\/api.w.org\/{rel}","templated":true}]}}