{"id":7778,"date":"2021-10-15T09:57:08","date_gmt":"2021-10-15T12:57:08","guid":{"rendered":"http:\/\/infoactual.com.ar\/?p=7778"},"modified":"2021-10-15T09:57:09","modified_gmt":"2021-10-15T12:57:09","slug":"lacunza-alerto-sobre-una-implosion-de-la-economia-y-advirtio-que-la-inflacion-es-invivible","status":"publish","type":"post","link":"https:\/\/infoactual.com.ar\/index.php\/2021\/10\/15\/lacunza-alerto-sobre-una-implosion-de-la-economia-y-advirtio-que-la-inflacion-es-invivible\/","title":{"rendered":"LACUNZA ALERT\u00d3 SOBRE UNA \u00abIMPLOSI\u00d3N\u00bb DE LA ECONOM\u00cdA Y ADVIRTI\u00d3 QUE LA INFLACI\u00d3N ES \u00abINVIVIBLE\u00bb"},"content":{"rendered":"\n<p><strong>El ex ministro de Econom\u00eda Hern\u00e1n Lacunza propuso aplicar un plan de ajuste \u00abgradual\u00bb y advirti\u00f3 sobre la posibilidad de que la econom\u00eda \u00abimplosione\u00bb ante la elevada inflaci\u00f3n.<\/strong><\/p>\n\n\n\n<p>&nbsp; &nbsp;Consider\u00f3 que el plan para estabilizar la econom\u00eda \u00abdepende del nivel de agujero fiscal\u00bb.<\/p>\n\n\n\n<p>&nbsp;&nbsp; \u00abEl programa fiscal no es de shock, no pod\u00e9s bajar de 4 a 0 por ciento el d\u00e9ficit, la implementaci\u00f3n es necesariamente gradual\u00bb, sostuvo.<\/p>\n\n\n\n<p>&nbsp;&nbsp; \u00abUna inflaci\u00f3n del 50% es invivible, y si est\u00e1 entre 3 y 4%, no hay contrato de alquiler, porque ninguna de las dos partes quiere asumir el riesgo nominal, la econom\u00eda as\u00ed implosiona\u00bb, advirti\u00f3 el ex ministro de Econom\u00eda del gobierno de Mauricio Macri.<\/p>\n\n\n\n<p>&nbsp;&nbsp; Agreg\u00f3 que si el plan es \u00abcre\u00edble vas a tener cr\u00e9dito y bajar la emisi\u00f3n, y si no lo ten\u00e9s, cualquier arreglo monetario y cambiario es insostenible\u00bb.<\/p>\n\n\n\n<p>&nbsp;&nbsp; En un encuentro organizado por Quinquela Fondos Comunes de Inversi\u00f3n sobre la econom\u00eda despu\u00e9s de las elecciones, Lacunza rechaz\u00f3 la posibilidad de retornar a la convertibilidad o a la pol\u00edtica monetaria del ex titular del Banco Central Federico Sturzenegger, que se aplic\u00f3 en el anterior gobierno.<\/p>\n\n\n\n<p>&nbsp;&nbsp; \u00abEl agujero fiscal se lleva puestas a las metas de inflaci\u00f3n si hay demanda insaciable de recursos monetarios por parte del Tesoro, no importa la rigidez o si hay convertibilidad\u00bb, explic\u00f3 el ministro.<\/p>\n\n\n\n<p>&nbsp;&nbsp; Dijo que \u00aba nadie le gusta ajustar, pero el desajuste lo paga sector privado con m\u00e1s deuda, inflaci\u00f3n o impuestos\u00bb, afirm\u00f3.<\/p>\n\n\n\n<p>&nbsp;&nbsp; Lacunza proyect\u00f3 para el a\u00f1o pr\u00f3ximo \u00abun primer semestre razonable\u00bb, aunque advirti\u00f3 que en el segundo \u00abva a repercutir en la inflaci\u00f3n del 2022 por el incremento de la emisi\u00f3n de los \u00faltimos tres meses\u00bb.<\/p>\n\n\n\n<p>&nbsp;&nbsp; El ex ministro asegur\u00f3 que \u00abla inflaci\u00f3n del 50% es un piso para el a\u00f1o que viene\u00bb, y augur\u00f3 mayores presiones cambiarias.<\/p>\n\n\n\n<p>&nbsp;&nbsp; Advirti\u00f3 que si se repite la derrota del gobierno en las elecciones de noviembre \u00abse potenciar\u00edan las diferencias, eso es un escenario de inestabilidad, las crisis nunca son iguales\u00bb.<\/p>\n\n\n\n<p>&nbsp;&nbsp; Tambi\u00e9n descart\u00f3 una \u00abhiperinflaci\u00f3n\u00bb o el riesgo de un \u00abcorralito\u00bb y se\u00f1al\u00f3 que el cepo cambiario \u00abes una anormalidad y dio todo lo que pod\u00eda dar\u00bb.<\/p>\n\n\n\n<p>&nbsp;&nbsp; \u00abProbablemente tengamos que sacrificar libertad de movimientos para evitar swings, de nada sirve un r\u00e9gimen de libre flotaci\u00f3n si el d\u00f3lar es un barrilete\u00bb, dijo el economista.<\/p>\n","protected":false},"excerpt":{"rendered":"<p>El ex ministro de Econom\u00eda Hern\u00e1n Lacunza propuso aplicar un plan de ajuste \u00abgradual\u00bb y advirti\u00f3 sobre la posibilidad de que la econom\u00eda \u00abimplosione\u00bb ante la elevada inflaci\u00f3n. &nbsp; &nbsp;Consider\u00f3 que el plan para estabilizar la econom\u00eda \u00abdepende del nivel de agujero fiscal\u00bb. &nbsp;&nbsp; \u00abEl programa fiscal no es de shock, no pod\u00e9s bajar de [&hellip;]<\/p>\n","protected":false},"author":2,"featured_media":7779,"comment_status":"open","ping_status":"open","sticky":false,"template":"","format":"standard","meta":{"footnotes":""},"categories":[44],"tags":[],"class_list":["post-7778","post","type-post","status-publish","format-standard","has-post-thumbnail","hentry","category-economia"],"_links":{"self":[{"href":"https:\/\/infoactual.com.ar\/index.php\/wp-json\/wp\/v2\/posts\/7778","targetHints":{"allow":["GET"]}}],"collection":[{"href":"https:\/\/infoactual.com.ar\/index.php\/wp-json\/wp\/v2\/posts"}],"about":[{"href":"https:\/\/infoactual.com.ar\/index.php\/wp-json\/wp\/v2\/types\/post"}],"author":[{"embeddable":true,"href":"https:\/\/infoactual.com.ar\/index.php\/wp-json\/wp\/v2\/users\/2"}],"replies":[{"embeddable":true,"href":"https:\/\/infoactual.com.ar\/index.php\/wp-json\/wp\/v2\/comments?post=7778"}],"version-history":[{"count":1,"href":"https:\/\/infoactual.com.ar\/index.php\/wp-json\/wp\/v2\/posts\/7778\/revisions"}],"predecessor-version":[{"id":7780,"href":"https:\/\/infoactual.com.ar\/index.php\/wp-json\/wp\/v2\/posts\/7778\/revisions\/7780"}],"wp:featuredmedia":[{"embeddable":true,"href":"https:\/\/infoactual.com.ar\/index.php\/wp-json\/wp\/v2\/media\/7779"}],"wp:attachment":[{"href":"https:\/\/infoactual.com.ar\/index.php\/wp-json\/wp\/v2\/media?parent=7778"}],"wp:term":[{"taxonomy":"category","embeddable":true,"href":"https:\/\/infoactual.com.ar\/index.php\/wp-json\/wp\/v2\/categories?post=7778"},{"taxonomy":"post_tag","embeddable":true,"href":"https:\/\/infoactual.com.ar\/index.php\/wp-json\/wp\/v2\/tags?post=7778"}],"curies":[{"name":"wp","href":"https:\/\/api.w.org\/{rel}","templated":true}]}}