{"id":7787,"date":"2021-10-15T10:12:19","date_gmt":"2021-10-15T13:12:19","guid":{"rendered":"http:\/\/infoactual.com.ar\/?p=7787"},"modified":"2021-10-15T10:12:19","modified_gmt":"2021-10-15T13:12:19","slug":"el-ministerio-de-salud-informo-que-no-hubo-aumento-de-casos-de-covid-en-ninguna-provincia-tras-la-realizacion-de-las-paso","status":"publish","type":"post","link":"https:\/\/infoactual.com.ar\/index.php\/2021\/10\/15\/el-ministerio-de-salud-informo-que-no-hubo-aumento-de-casos-de-covid-en-ninguna-provincia-tras-la-realizacion-de-las-paso\/","title":{"rendered":"EL MINISTERIO DE SALUD INFORM\u00d3 QUE NO HUBO AUMENTO DE CASOS DE COVID EN NINGUNA PROVINCIA TRAS LA REALIZACI\u00d3N DE LAS PASO"},"content":{"rendered":"\n<p><strong>El Ministerio de Salud que encabeza Carla Vizzotti inform\u00f3 durante los d\u00edas posteriores a la celebraci\u00f3n de las elecciones primarias (PASO) \u00abninguna jurisdicci\u00f3n del pa\u00eds registr\u00f3 aumento de casos\u00bb de Covid-19, al responder a un oficio enviado por la C\u00e1mara Nacional Electoral (CNE).<\/strong><\/p>\n\n\n\n<p>&nbsp; &nbsp;Mediante una comunicaci\u00f3n oficial firmada por la directora nacional de Epidemiolog\u00eda, Anal\u00eda Rearte, la cartera de Salud respondi\u00f3 a un requerimiento de la CNE que hab\u00eda pedido una evaluaci\u00f3n del impacto del acto electoral del 12 de septiembre pasado en cuanto al incremento de contagios de coronavirus.<\/p>\n\n\n\n<p>&nbsp;&nbsp; \u00abSe cumple en informar que del an\u00e1lisis de los casos registrados desde ese d\u00eda y hasta 14 d\u00edas posteriores (lo que constituye un per\u00edodo m\u00e1ximo de incubaci\u00f3n) surge que, en ese per\u00edodo ninguna jurisdicci\u00f3n del pa\u00eds registr\u00f3 aumento de casos ni fueron reportados brotes por Covid-19 asociados al acto electoral\u00bb, se\u00f1al\u00f3 el Ministerio de Salud.<\/p>\n\n\n\n<p>&nbsp;&nbsp; Al respecto, precis\u00f3 que \u00abmientras que en la semana 36 (previa a las elecciones) se registraron 14.127 casos de Covid-19, en la semana 38 el n\u00famero registrado fue de 7.523\u00bb e indic\u00f3 que \u00abeste descenso en el n\u00famero de casos se contin\u00faa observando hasta el d\u00eda en que fuera elaborada la presente respuesta\u00bb.<\/p>\n\n\n\n<p>&nbsp;&nbsp; Asimismo, la cartera sanitaria se\u00f1al\u00f3 que \u00abel promedio diario de casos en la semana preelectoral fue de 2.018 casos diarios, mientras que en los 14 d\u00edas posteriores (periodo de incubaci\u00f3n m\u00e1ximo) el promedio diario de casos fue de 1.075\u00bb.<\/p>\n\n\n\n<p>&nbsp;&nbsp; La nota con la que el Ministerio de Salud respondi\u00f3 al oficio de la CNE -enviado a trav\u00e9s del Ministerio del Interior- fue acompa\u00f1ada con un gr\u00e1fico sobre los casos de Covid-19 registrados en todo el pa\u00eds que muestra un marcado descenso de los contagios desde la \u00absemana epidemiol\u00f3gica 21 a 39 de 2021\u00bb.<\/p>\n\n\n\n<p>&nbsp;&nbsp; Con motivo de la pandemia de Covid-19 a principios del a\u00f1o el oficialismo y la oposici\u00f3n acordaron posponer por un mes de las PASO, que por esa raz\u00f3n se llevaron a cabo en septiembre y no en agosto, como estaba previsto.<\/p>\n\n\n\n<p>&nbsp;&nbsp; No obstante, la C\u00e1mara Electoral hab\u00eda insistido ante el Ministerio del Interior en la necesidad de tomar todos los recaudos para preservar la salud tanto de las autoridades de mesa como de los votantes y evitar que la realizaci\u00f3n de los comicios generara un aumento de casos.<\/p>\n\n\n\n<p>&nbsp;&nbsp; Por esa raz\u00f3n se ampli\u00f3 la cantidad de lugares de votaci\u00f3n con el fin de evitar la concentraci\u00f3n de personas y se dispuso un protocolo que consisti\u00f3 en que los votantes hicieran fila afuera de los establecimientos e ingresaran por tandas; que las autoridades de mesa no tocaran los DNI de las personas y sugerir a la gente que no pegara los sobres con la lengua, entre otras medidas.<\/p>\n","protected":false},"excerpt":{"rendered":"<p>El Ministerio de Salud que encabeza Carla Vizzotti inform\u00f3 durante los d\u00edas posteriores a la celebraci\u00f3n de las elecciones primarias (PASO) \u00abninguna jurisdicci\u00f3n del pa\u00eds registr\u00f3 aumento de casos\u00bb de Covid-19, al responder a un oficio enviado por la C\u00e1mara Nacional Electoral (CNE). &nbsp; &nbsp;Mediante una comunicaci\u00f3n oficial firmada por la directora nacional de Epidemiolog\u00eda, [&hellip;]<\/p>\n","protected":false},"author":2,"featured_media":7788,"comment_status":"open","ping_status":"open","sticky":false,"template":"","format":"standard","meta":{"footnotes":""},"categories":[43],"tags":[48],"class_list":["post-7787","post","type-post","status-publish","format-standard","has-post-thumbnail","hentry","category-politica","tag-destacada"],"_links":{"self":[{"href":"https:\/\/infoactual.com.ar\/index.php\/wp-json\/wp\/v2\/posts\/7787","targetHints":{"allow":["GET"]}}],"collection":[{"href":"https:\/\/infoactual.com.ar\/index.php\/wp-json\/wp\/v2\/posts"}],"about":[{"href":"https:\/\/infoactual.com.ar\/index.php\/wp-json\/wp\/v2\/types\/post"}],"author":[{"embeddable":true,"href":"https:\/\/infoactual.com.ar\/index.php\/wp-json\/wp\/v2\/users\/2"}],"replies":[{"embeddable":true,"href":"https:\/\/infoactual.com.ar\/index.php\/wp-json\/wp\/v2\/comments?post=7787"}],"version-history":[{"count":1,"href":"https:\/\/infoactual.com.ar\/index.php\/wp-json\/wp\/v2\/posts\/7787\/revisions"}],"predecessor-version":[{"id":7789,"href":"https:\/\/infoactual.com.ar\/index.php\/wp-json\/wp\/v2\/posts\/7787\/revisions\/7789"}],"wp:featuredmedia":[{"embeddable":true,"href":"https:\/\/infoactual.com.ar\/index.php\/wp-json\/wp\/v2\/media\/7788"}],"wp:attachment":[{"href":"https:\/\/infoactual.com.ar\/index.php\/wp-json\/wp\/v2\/media?parent=7787"}],"wp:term":[{"taxonomy":"category","embeddable":true,"href":"https:\/\/infoactual.com.ar\/index.php\/wp-json\/wp\/v2\/categories?post=7787"},{"taxonomy":"post_tag","embeddable":true,"href":"https:\/\/infoactual.com.ar\/index.php\/wp-json\/wp\/v2\/tags?post=7787"}],"curies":[{"name":"wp","href":"https:\/\/api.w.org\/{rel}","templated":true}]}}