{"id":7855,"date":"2021-10-17T20:50:59","date_gmt":"2021-10-17T23:50:59","guid":{"rendered":"http:\/\/infoactual.com.ar\/?p=7855"},"modified":"2021-10-17T20:50:59","modified_gmt":"2021-10-17T23:50:59","slug":"discrepancias-entre-empresarios-sobre-el-congelamiento-de-precios","status":"publish","type":"post","link":"https:\/\/infoactual.com.ar\/index.php\/2021\/10\/17\/discrepancias-entre-empresarios-sobre-el-congelamiento-de-precios\/","title":{"rendered":"DISCREPANCIAS ENTRE EMPRESARIOS SOBRE EL CONGELAMIENTO DE PRECIOS"},"content":{"rendered":"\n<p><strong>Empresarios mostraron distintas interpretaciones sobre la advertencia del presidente Alberto Fern\u00e1ndez de que el gobierno ser\u00e1 inflexible con los aumentos de precios y se diferenciaron sobre el congelamiento que se pretende imponer.<\/strong><\/p>\n\n\n\n<p>&nbsp; &nbsp;El presidente de la C\u00e1mara de Comercio (CAC), Mario Grinman, alert\u00f3 que la inflaci\u00f3n \u00abno se frena con controles de precios\u00bb al sostener que es una medida que \u00abnunca funcion\u00f3, ni en la Argentina, ni en el mundo\u00bb.<\/p>\n\n\n\n<p>&nbsp;&nbsp; \u00abSi no ser\u00eda un tema muy f\u00e1cil de resolver. Un presidente congela los precios por cuatro a\u00f1os y no tendr\u00eda problemas en su mandato\u00bb, se\u00f1al\u00f3 el titular de la CAC.<\/p>\n\n\n\n<p>&nbsp;&nbsp; Record\u00f3 que en la Argentina se aplicaron congelamientos de precios en 1952, 73 y 74, 85, y en el 2006, 13 y 2019, y la la inflaci\u00f3n \u00absigui\u00f3 creciendo, porque esa no es la herramienta para combatirla\u00bb.<\/p>\n\n\n\n<p>&nbsp;&nbsp; Acerca de la advertencia presidencial, dijo entender \u00abla la preocupaci\u00f3n del gobierno y de los empresarios tambi\u00e9n, porque estar remarcando es desagradable y nosotros queremos poder vender\u00bb, mientras aclar\u00f3 que las empresas asociadas la CAC no son formadoras de precios.<\/p>\n\n\n\n<p>&nbsp;&nbsp; Grinman sostuvo que la econom\u00eda \u00abtiene muchos problemas y los empresarios tambi\u00e9n, porque el armado de los costos de cada una de las empresas tienen muchos componentes, como los gastos en log\u00edstica, impuestos y cargas laborales\u00bb.<\/p>\n\n\n\n<p>&nbsp;&nbsp; Explic\u00f3 que \u00abel 75% de los insumos que se importan, son productos esenciales para la producci\u00f3n y los permisos de importaci\u00f3n son lentos y tardan y adem\u00e1s hay problemas para conseguir d\u00f3lares\u00bb.<\/p>\n\n\n\n<p>&nbsp;&nbsp; Grinman agreg\u00f3 que \u00aben la historia de la Argentina y del mundo jam\u00e1s ha funcionado el control de precios. El emperador romano Dioclesiano fue el primero que impuso el control de precios y eso inici\u00f3 la debacle del imperio\u00bb.<br>.<br>Preocupa la suba en alimentos.<br>.<br>Por su parte, el presidente de la Confederaci\u00f3n Empresaria de la Rep\u00fablica Argentina (CGERA), Marcelo Fern\u00e1ndez, se\u00f1al\u00f3 que \u00abel tema de los precios nos preocupa, sobre todo el aumento en alimentos, porque vulnera el bolsillo del trabajador\u00bb.<\/p>\n\n\n\n<p>&nbsp;&nbsp; Explic\u00f3 que el 95% de las empresas argentinas no est\u00e1n en el rubro alimenticio y se\u00f1al\u00f3 que \u00absi el salario de la gente va solamente a alimentos, el resto de las empresas se quedan afuera de la comercializaci\u00f3n y no pueden vender\u00bb.<\/p>\n\n\n\n<p>&nbsp;&nbsp; Fern\u00e1ndez agreg\u00f3 que \u00aben esta situaci\u00f3n no podemos reactivar la econom\u00eda y mucho menos la industria y el comercio\u00bb.<\/p>\n\n\n\n<p>&nbsp;&nbsp; Dijo que la CGERA apoya el congelamiento de los precios de los alimentos para \u00abfrenar la inflaci\u00f3n para que los sueldos alcancen para la compra de otros productos\u00bb.<\/p>\n\n\n\n<p>&nbsp;&nbsp; Sobre la permanencia de la doble indemnizaci\u00f3n, se\u00f1al\u00f3 que \u00abes un tema que hay que rever, pero en una discusi\u00f3n con empresarios y trabajadores, para acordar c\u00f3mo y cu\u00e1ndo deben levantarse\u00bb.<\/p>\n\n\n\n<p>&nbsp;&nbsp; A su vez el vicepresidente de Industriales Pymes Argentinos (IPA), Marcos Meloni, respald\u00f3 el congelamiento de precios \u00abespecialmente de los alimentos, porque vemos que los seis productos principales de la canasta b\u00e1sica son producidos por seis empresas, lo que implica una concentraci\u00f3n del mercado de la comercializaci\u00f3n en un 85%\u00bb.<\/p>\n\n\n\n<p>&nbsp;&nbsp; Meloni dijo que los empresarios \u00abpor una vez debemos ser solidarios, m\u00e1s en un momento tan dif\u00edcil que pasa la Argentina como el de los precios, que arranc\u00f3 en los dos \u00faltimos a\u00f1os del gobierno anterior y continu\u00f3 en la pandemia\u00bb.<\/p>\n\n\n\n<p>&nbsp;&nbsp; Sostuvo que \u00absi todo el dinero disponible del asalariado va a la alimentaci\u00f3n, diluye la posibilidad de que otros rubros industriales, no tan necesarios, puedan comercializarse\u00bb.<\/p>\n\n\n\n<p>&nbsp;&nbsp; Al referirse a la doble indemnizaci\u00f3n, explic\u00f3 que \u00abhoy no es problema de costos laborales, s\u00f3lo es una herramienta de urgencia, y los problemas mayores est\u00e1n en otro lado, especialmente en la parte financiera, en el costo del dinero\u00bb.<\/p>\n\n\n\n<p>&nbsp;&nbsp; Meloni agreg\u00f3 que \u00abhay que pensar en una nueva ley tributaria y otra de entidades financieras, porque esos son los problemas mayores, m\u00e1s que en la doble colonizaci\u00f3n, que es una norma que el a\u00f1o que viene se dejar\u00e1 de aplicar, cuando pase la pandemia\u00bb.<\/p>\n\n\n\n<p>&nbsp;&nbsp; El vicepresidente de IPA agreg\u00f3 que \u00abya hay una reactivaci\u00f3n en ciernes, las paritarias en l\u00ednea o por encima de la inflaci\u00f3n, hay m\u00e1s consumo, y entonces hay que apostar m\u00e1s a no maximizar el beneficio por precio, sino por las cantidades vendidas que estar\u00e1n aseguradas, porque las compras van a subir\u00bb.<\/p>\n","protected":false},"excerpt":{"rendered":"<p>Empresarios mostraron distintas interpretaciones sobre la advertencia del presidente Alberto Fern\u00e1ndez de que el gobierno ser\u00e1 inflexible con los aumentos de precios y se diferenciaron sobre el congelamiento que se pretende imponer. &nbsp; &nbsp;El presidente de la C\u00e1mara de Comercio (CAC), Mario Grinman, alert\u00f3 que la inflaci\u00f3n \u00abno se frena con controles de precios\u00bb al [&hellip;]<\/p>\n","protected":false},"author":2,"featured_media":7856,"comment_status":"open","ping_status":"open","sticky":false,"template":"","format":"standard","meta":{"footnotes":""},"categories":[44],"tags":[],"class_list":["post-7855","post","type-post","status-publish","format-standard","has-post-thumbnail","hentry","category-economia"],"_links":{"self":[{"href":"https:\/\/infoactual.com.ar\/index.php\/wp-json\/wp\/v2\/posts\/7855","targetHints":{"allow":["GET"]}}],"collection":[{"href":"https:\/\/infoactual.com.ar\/index.php\/wp-json\/wp\/v2\/posts"}],"about":[{"href":"https:\/\/infoactual.com.ar\/index.php\/wp-json\/wp\/v2\/types\/post"}],"author":[{"embeddable":true,"href":"https:\/\/infoactual.com.ar\/index.php\/wp-json\/wp\/v2\/users\/2"}],"replies":[{"embeddable":true,"href":"https:\/\/infoactual.com.ar\/index.php\/wp-json\/wp\/v2\/comments?post=7855"}],"version-history":[{"count":1,"href":"https:\/\/infoactual.com.ar\/index.php\/wp-json\/wp\/v2\/posts\/7855\/revisions"}],"predecessor-version":[{"id":7857,"href":"https:\/\/infoactual.com.ar\/index.php\/wp-json\/wp\/v2\/posts\/7855\/revisions\/7857"}],"wp:featuredmedia":[{"embeddable":true,"href":"https:\/\/infoactual.com.ar\/index.php\/wp-json\/wp\/v2\/media\/7856"}],"wp:attachment":[{"href":"https:\/\/infoactual.com.ar\/index.php\/wp-json\/wp\/v2\/media?parent=7855"}],"wp:term":[{"taxonomy":"category","embeddable":true,"href":"https:\/\/infoactual.com.ar\/index.php\/wp-json\/wp\/v2\/categories?post=7855"},{"taxonomy":"post_tag","embeddable":true,"href":"https:\/\/infoactual.com.ar\/index.php\/wp-json\/wp\/v2\/tags?post=7855"}],"curies":[{"name":"wp","href":"https:\/\/api.w.org\/{rel}","templated":true}]}}