{"id":860,"date":"2021-04-09T17:50:48","date_gmt":"2021-04-09T17:50:48","guid":{"rendered":"http:\/\/infoactual.com.ar\/?p=860"},"modified":"2021-04-09T17:50:49","modified_gmt":"2021-04-09T17:50:49","slug":"seguridad-vial-pidio-la-suspension-de-la-licencia-de-conducir-de-matias-defederico","status":"publish","type":"post","link":"https:\/\/infoactual.com.ar\/index.php\/2021\/04\/09\/seguridad-vial-pidio-la-suspension-de-la-licencia-de-conducir-de-matias-defederico\/","title":{"rendered":"SEGURIDAD VIAL PIDI\u00d3 LA SUSPENSI\u00d3N DE LA LICENCIA DE CONDUCIR DE MAT\u00cdAS DEFEDERICO"},"content":{"rendered":"\n<p><strong>La Agencia Nacional de Seguridad Vial (ANSV) solicit\u00f3 al gobierno de la Ciudad de Buenos Aires que se le suspenda la licencia de conducir al jugador Mat\u00edas Defederico, quien public\u00f3 en sus redes sociales un video que film\u00f3 mientras manejaba con su hija de 7 a\u00f1os en el asiento delantero y sin el cintur\u00f3n de seguridad colocado.<\/strong><\/p>\n\n\n\n<p>&nbsp; &nbsp;La ANSV, organismo dependiente del Ministerio de Transporte, tom\u00f3 conocimiento de la situaci\u00f3n y solicit\u00f3 la mencionada suspensi\u00f3n por su conducta irresponsable al volante, por lo cual la Ciudad notificar\u00e1 al futbolista para que se presente en los pr\u00f3ximos 10 d\u00edas h\u00e1biles para ser reevaluado psicof\u00edsicamente y determinar si es apto para volver a conducir.<\/p>\n\n\n\n<p>&nbsp;&nbsp; Defederico infringi\u00f3 dos art\u00edculos de la Ley Nacional de Tr\u00e1nsito, ya que una de las normativas dispone que todos los ni\u00f1os y ni\u00f1as de hasta 10 a\u00f1os o de hasta 36 kilos deben viajar sujetados en los asientos traseros del veh\u00edculo, utilizando el Sistema de Retenci\u00f3n Infantil adecuado seg\u00fan su peso y tama\u00f1o.<\/p>\n\n\n\n<p>&nbsp;&nbsp; Adem\u00e1s, tambi\u00e9n la Ley proh\u00edbe el uso del celular durante la conducci\u00f3n porque es un factor de distracci\u00f3n y una de las principales causas por las que se producen los siniestros viales.<\/p>\n\n\n\n<p>&nbsp;&nbsp; El pedido se da en el marco de la disposici\u00f3n 384\/2020 de la ANSV, que permite la suspensi\u00f3n provisional de la Licencia Nacional de Conducir de aquellos que manejen de forma temeraria e imprudente poniendo en riesgo su propia vida y la de los dem\u00e1s.<\/p>\n\n\n\n<p>&nbsp;&nbsp; Con esta disposici\u00f3n se busca sacar de las calles y las rutas a los conductores temerarios que con su irresponsabilidad ponen en peligro la vida propia y de terceros, y para que sean evaluados por las autoridades de cada jurisdicci\u00f3n que determinar\u00e1n sus aptitudes para volver a conducir un veh\u00edculo.<\/p>\n\n\n\n<p>&nbsp;&nbsp; El director ejecutivo de la ANSV, Pablo Mart\u00ednez Carignano, solicit\u00f3 que se reeval\u00fae al conductor con un nuevo examen psicof\u00edsico, incluyendo su atenci\u00f3n y concentraci\u00f3n, control de los impulsos y actitud frente a las normas, entre otros aspectos.<\/p>\n\n\n\n<p>&nbsp;&nbsp; \u00abNo podemos seguir tolerando este tipo de faltas graves e irresponsables al volante. Se trata de un personaje p\u00fablico que tiene llegada a muchas personas y el mensaje que da es el de un total desinter\u00e9s por su vida, la de su hija y la de terceros\u00bb, destac\u00f3 Carignano.<\/p>\n\n\n\n<p>&nbsp;&nbsp; Asimismo Carignano a\u00f1adi\u00f3: \u00abLa \u00fanica manera de conducir de manera segura es siendo responsable, usando el cintur\u00f3n de seguridad, respetando las velocidades permitidas, a los que transitan en la v\u00eda p\u00fablica y evitando las distracciones que pueden desencadenar en un hecho vial evitable\u00bb.<\/p>\n","protected":false},"excerpt":{"rendered":"<p>La Agencia Nacional de Seguridad Vial (ANSV) solicit\u00f3 al gobierno de la Ciudad de Buenos Aires que se le suspenda la licencia de conducir al jugador Mat\u00edas Defederico, quien public\u00f3 en sus redes sociales un video que film\u00f3 mientras manejaba con su hija de 7 a\u00f1os en el asiento delantero y sin el cintur\u00f3n de [&hellip;]<\/p>\n","protected":false},"author":2,"featured_media":861,"comment_status":"open","ping_status":"open","sticky":false,"template":"","format":"standard","meta":{"footnotes":""},"categories":[45],"tags":[],"class_list":["post-860","post","type-post","status-publish","format-standard","has-post-thumbnail","hentry","category-sociedad"],"_links":{"self":[{"href":"https:\/\/infoactual.com.ar\/index.php\/wp-json\/wp\/v2\/posts\/860","targetHints":{"allow":["GET"]}}],"collection":[{"href":"https:\/\/infoactual.com.ar\/index.php\/wp-json\/wp\/v2\/posts"}],"about":[{"href":"https:\/\/infoactual.com.ar\/index.php\/wp-json\/wp\/v2\/types\/post"}],"author":[{"embeddable":true,"href":"https:\/\/infoactual.com.ar\/index.php\/wp-json\/wp\/v2\/users\/2"}],"replies":[{"embeddable":true,"href":"https:\/\/infoactual.com.ar\/index.php\/wp-json\/wp\/v2\/comments?post=860"}],"version-history":[{"count":1,"href":"https:\/\/infoactual.com.ar\/index.php\/wp-json\/wp\/v2\/posts\/860\/revisions"}],"predecessor-version":[{"id":862,"href":"https:\/\/infoactual.com.ar\/index.php\/wp-json\/wp\/v2\/posts\/860\/revisions\/862"}],"wp:featuredmedia":[{"embeddable":true,"href":"https:\/\/infoactual.com.ar\/index.php\/wp-json\/wp\/v2\/media\/861"}],"wp:attachment":[{"href":"https:\/\/infoactual.com.ar\/index.php\/wp-json\/wp\/v2\/media?parent=860"}],"wp:term":[{"taxonomy":"category","embeddable":true,"href":"https:\/\/infoactual.com.ar\/index.php\/wp-json\/wp\/v2\/categories?post=860"},{"taxonomy":"post_tag","embeddable":true,"href":"https:\/\/infoactual.com.ar\/index.php\/wp-json\/wp\/v2\/tags?post=860"}],"curies":[{"name":"wp","href":"https:\/\/api.w.org\/{rel}","templated":true}]}}