{"id":922,"date":"2021-04-12T02:10:01","date_gmt":"2021-04-12T02:10:01","guid":{"rendered":"http:\/\/infoactual.com.ar\/?p=922"},"modified":"2021-04-12T02:10:02","modified_gmt":"2021-04-12T02:10:02","slug":"emilio-monzo-yo-creo-que-rodriguez-larreta-vidal-y-lousteau-son-buenos-candidatos-a-presidente","status":"publish","type":"post","link":"https:\/\/infoactual.com.ar\/index.php\/2021\/04\/12\/emilio-monzo-yo-creo-que-rodriguez-larreta-vidal-y-lousteau-son-buenos-candidatos-a-presidente\/","title":{"rendered":"EMILIO MONZ\u00d3: \u00abYO CREO QUE RODR\u00cdGUEZ LARRETA, VIDAL Y LOUSTEAU SON BUENOS CANDIDATOS A PRESIDENTE\u00bb"},"content":{"rendered":"\n<p><strong>El ex presidente de la C\u00e1mara de Diputados Emilio Monz\u00f3 reafirm\u00f3 su deseo de que en Juntos por el Cambio prime el \u00abconsenso y la moderaci\u00f3n\u00bb y en ese sentido dijo que el jefe de Gobierno porte\u00f1o, Horacio Rodr\u00edguez Larreta, la ex gobernadora bonaerense Mar\u00eda Eugenia Vidal y el senador nacional de la UCR Mart\u00edn Lousteau ser\u00edan \u00abbuenos candidatos a presidente\u00bb.<\/strong><\/p>\n\n\n\n<p>&nbsp; &nbsp;\u00abYo creo que Rodr\u00edguez Larreta, Vidal y Lousteau son buenos candidatos a presidentes de este espacio. Ojo, tambi\u00e9n lo pueden ser (Patricia) Bullrich o Alfredo Cornejo\u00bb, subray\u00f3.<\/p>\n\n\n\n<p>&nbsp;&nbsp; \u00abNecesitamos que en las elecciones triunfemos los que pregonamos el consenso y la moderaci\u00f3n\u00bb, se entusiasm\u00f3.<\/p>\n\n\n\n<p>&nbsp;&nbsp; En una entrevista publicada en Clar\u00edn, ratific\u00f3 que quiere ser candidato a diputado nacional por la provincia de Buenos Aires este a\u00f1o y que lo tiene hablado con Rodr\u00edguez Larreta, Lousteau, Vidal, con quienes mantiene di\u00e1logo adem\u00e1s de con Diego Santilli y Cristian Ritondo.<\/p>\n\n\n\n<p>&nbsp;&nbsp; \u00abEst\u00e1 claro quienes tenemos una manera de hacer pol\u00edtica mucho m\u00e1s de centro, buscando el di\u00e1logo, y hay otras posiciones que tienden a jugar a los extremos que la verdad que es un fen\u00f3meno no solo argentino, sino mundial. Esa jugada desde los extremos redit\u00faa electoralmente producto de la incertidumbre de la sociedad\u00bb, analiz\u00f3.<\/p>\n\n\n\n<p>&nbsp;&nbsp; En tanto, Monz\u00f3 asegur\u00f3 que se va a \u00abpreparar para ser gobernador\u00bb bonaerense en 2023, pero avis\u00f3 que no depende de \u00e9l \u00fanicamente sino de los consensos que se logren dentro de Juntos por el Cambio.<\/p>\n\n\n\n<p>&nbsp;&nbsp; Consultado sobre su reconciliaci\u00f3n con Vidal, dijo que primero logr\u00f3 amigarse consigo mismo y le vino bien el confinamiento para pensar a quienes le deb\u00eda unas disculpas, entre quienes incluy\u00f3 a la ex gobernadora.<\/p>\n\n\n\n<p>&nbsp;&nbsp; \u00abYo le propuse a Macri que Vidal sea candidata a presidenta en el 2018. Fui el primero que le debo haber dicho eso. Fue en octubre del 2018\u00bb, resalt\u00f3.<\/p>\n\n\n\n<p>&nbsp;&nbsp; \u00abPara la gente es una persona que ha sido honesta y que ha hecho un esfuerzo por cambiar la provincia de Buenos Aires. Y es preparada. Esto no es menor. Con esos elementos la gente la ve como una figura con potencial para ser candidata a presidente\u00bb, explic\u00f3 sobre la vigencia de Vidal en la expectativa del votante opositor.<\/p>\n","protected":false},"excerpt":{"rendered":"<p>El ex presidente de la C\u00e1mara de Diputados Emilio Monz\u00f3 reafirm\u00f3 su deseo de que en Juntos por el Cambio prime el \u00abconsenso y la moderaci\u00f3n\u00bb y en ese sentido dijo que el jefe de Gobierno porte\u00f1o, Horacio Rodr\u00edguez Larreta, la ex gobernadora bonaerense Mar\u00eda Eugenia Vidal y el senador nacional de la UCR Mart\u00edn [&hellip;]<\/p>\n","protected":false},"author":2,"featured_media":923,"comment_status":"open","ping_status":"open","sticky":false,"template":"","format":"standard","meta":{"footnotes":""},"categories":[43],"tags":[],"class_list":["post-922","post","type-post","status-publish","format-standard","has-post-thumbnail","hentry","category-politica"],"_links":{"self":[{"href":"https:\/\/infoactual.com.ar\/index.php\/wp-json\/wp\/v2\/posts\/922","targetHints":{"allow":["GET"]}}],"collection":[{"href":"https:\/\/infoactual.com.ar\/index.php\/wp-json\/wp\/v2\/posts"}],"about":[{"href":"https:\/\/infoactual.com.ar\/index.php\/wp-json\/wp\/v2\/types\/post"}],"author":[{"embeddable":true,"href":"https:\/\/infoactual.com.ar\/index.php\/wp-json\/wp\/v2\/users\/2"}],"replies":[{"embeddable":true,"href":"https:\/\/infoactual.com.ar\/index.php\/wp-json\/wp\/v2\/comments?post=922"}],"version-history":[{"count":1,"href":"https:\/\/infoactual.com.ar\/index.php\/wp-json\/wp\/v2\/posts\/922\/revisions"}],"predecessor-version":[{"id":924,"href":"https:\/\/infoactual.com.ar\/index.php\/wp-json\/wp\/v2\/posts\/922\/revisions\/924"}],"wp:featuredmedia":[{"embeddable":true,"href":"https:\/\/infoactual.com.ar\/index.php\/wp-json\/wp\/v2\/media\/923"}],"wp:attachment":[{"href":"https:\/\/infoactual.com.ar\/index.php\/wp-json\/wp\/v2\/media?parent=922"}],"wp:term":[{"taxonomy":"category","embeddable":true,"href":"https:\/\/infoactual.com.ar\/index.php\/wp-json\/wp\/v2\/categories?post=922"},{"taxonomy":"post_tag","embeddable":true,"href":"https:\/\/infoactual.com.ar\/index.php\/wp-json\/wp\/v2\/tags?post=922"}],"curies":[{"name":"wp","href":"https:\/\/api.w.org\/{rel}","templated":true}]}}